{"id":1557,"date":"2013-12-08T13:38:55","date_gmt":"2013-12-08T12:38:55","guid":{"rendered":"https:\/\/www.comitenervo.fr\/?p=1557"},"modified":"2013-12-08T17:22:02","modified_gmt":"2013-12-08T16:22:02","slug":"noel-des-enfants","status":"publish","type":"post","link":"https:\/\/www.comitenervo.fr\/?p=1557","title":{"rendered":"NO\u00cbL  DES  ENFANTS ."},"content":{"rendered":"<p>Comme chaque ann\u00e9e,\u00a0 le comit\u00e9 organise son traditionnel no\u00ebl des enfants (enfants de moins de 13 ans),\u00a0\u00a0 le samedi 21 d\u00e9cembre.<\/p>\n<p>Un chapiteau sera install\u00e9 face aux 23 et 24 all\u00e9e Nervo afin d&rsquo;accueillir enfants et parents.<\/p>\n<p>Christianne et Joss, responsables de cette op\u00e9ration, distribueront 70 sachets de friandises pour un total d&rsquo;environ 1400\u20ac.<\/p>\n<p>Il faut noter que chaque enfant recevra un courrier du \u00ab\u00a0P\u00e8re no\u00ebl Michel\u00a0\u00bb !!!!!!!<\/p>\n<p>&nbsp;<\/p>\n<p><a href=\"https:\/\/www.comitenervo.fr\/wp-content\/uploads\/2013\/12\/no\u00ebl-enfants-2013.jpg\"><img loading=\"lazy\" decoding=\"async\" class=\"aligncenter size-medium wp-image-1558\" alt=\"no\u00ebl enfants 2013\" src=\"https:\/\/www.comitenervo.fr\/wp-content\/uploads\/2013\/12\/no\u00ebl-enfants-2013-215x300.jpg\" width=\"215\" height=\"300\" srcset=\"https:\/\/www.comitenervo.fr\/wp-content\/uploads\/2013\/12\/no\u00ebl-enfants-2013-215x300.jpg 215w, https:\/\/www.comitenervo.fr\/wp-content\/uploads\/2013\/12\/no\u00ebl-enfants-2013-735x1024.jpg 735w, https:\/\/www.comitenervo.fr\/wp-content\/uploads\/2013\/12\/no\u00ebl-enfants-2013-107x150.jpg 107w, https:\/\/www.comitenervo.fr\/wp-content\/uploads\/2013\/12\/no\u00ebl-enfants-2013-400x556.jpg 400w, https:\/\/www.comitenervo.fr\/wp-content\/uploads\/2013\/12\/no\u00ebl-enfants-2013.jpg 816w\" sizes=\"auto, (max-width: 215px) 100vw, 215px\" \/><\/a><\/p>\n","protected":false},"excerpt":{"rendered":"<p>Comme chaque ann\u00e9e,\u00a0 le comit\u00e9 organise son traditionnel no\u00ebl des enfants (enfants de moins de 13 ans),\u00a0\u00a0 le samedi 21 d\u00e9cembre. Un chapiteau sera install\u00e9 face aux 23 et 24 all\u00e9e Nervo afin d&rsquo;accueillir enfants et parents. Christianne et Joss, &hellip; <a href=\"https:\/\/www.comitenervo.fr\/?p=1557\">Continuer la lecture <span class=\"meta-nav\">&rarr;<\/span><\/a><\/p>\n","protected":false},"author":2,"featured_media":0,"comment_status":"open","ping_status":"open","sticky":false,"template":"","format":"standard","meta":{"_monsterinsights_skip_tracking":false,"_monsterinsights_sitenote_active":false,"_monsterinsights_sitenote_note":"","_monsterinsights_sitenote_category":0,"ngg_post_thumbnail":0,"footnotes":""},"categories":[3],"tags":[],"class_list":["post-1557","post","type-post","status-publish","format-standard","hentry","category-nouveaute"],"_links":{"self":[{"href":"https:\/\/www.comitenervo.fr\/index.php?rest_route=\/wp\/v2\/posts\/1557","targetHints":{"allow":["GET"]}}],"collection":[{"href":"https:\/\/www.comitenervo.fr\/index.php?rest_route=\/wp\/v2\/posts"}],"about":[{"href":"https:\/\/www.comitenervo.fr\/index.php?rest_route=\/wp\/v2\/types\/post"}],"author":[{"embeddable":true,"href":"https:\/\/www.comitenervo.fr\/index.php?rest_route=\/wp\/v2\/users\/2"}],"replies":[{"embeddable":true,"href":"https:\/\/www.comitenervo.fr\/index.php?rest_route=%2Fwp%2Fv2%2Fcomments&post=1557"}],"version-history":[{"count":5,"href":"https:\/\/www.comitenervo.fr\/index.php?rest_route=\/wp\/v2\/posts\/1557\/revisions"}],"predecessor-version":[{"id":1562,"href":"https:\/\/www.comitenervo.fr\/index.php?rest_route=\/wp\/v2\/posts\/1557\/revisions\/1562"}],"wp:attachment":[{"href":"https:\/\/www.comitenervo.fr\/index.php?rest_route=%2Fwp%2Fv2%2Fmedia&parent=1557"}],"wp:term":[{"taxonomy":"category","embeddable":true,"href":"https:\/\/www.comitenervo.fr\/index.php?rest_route=%2Fwp%2Fv2%2Fcategories&post=1557"},{"taxonomy":"post_tag","embeddable":true,"href":"https:\/\/www.comitenervo.fr\/index.php?rest_route=%2Fwp%2Fv2%2Ftags&post=1557"}],"curies":[{"name":"wp","href":"https:\/\/api.w.org\/{rel}","templated":true}]}}