{"id":1546,"date":"2013-12-02T19:14:57","date_gmt":"2013-12-02T18:14:57","guid":{"rendered":"https:\/\/www.comitenervo.fr\/?p=1546"},"modified":"2014-11-28T09:44:10","modified_gmt":"2014-11-28T08:44:10","slug":"excursion-au-marche-de-noel-dhautmont","status":"publish","type":"post","link":"https:\/\/www.comitenervo.fr\/?p=1546","title":{"rendered":"EXCURSION AU MARCHE DE NO\u00cbL D&rsquo;HAUTMONT."},"content":{"rendered":"<p>Le comit\u00e9 organise une excursion au march\u00e9 de no\u00ebl d&rsquo; Hautmont.<\/p>\n<p>Jusqu&rsquo;au 1er d\u00e9cembre les inscriptions seront r\u00e9serv\u00e9es aux habitants du quartier; ensuite priorit\u00e9 aux possesseurs d&rsquo;une\u00a0carte de soutien et enfin ouvert \u00e0 tous.<\/p>\n<p>Un seul bus est pr\u00e9vu pour Hautmont. Pour tout renseignement, T\u00e9l: 03\/27\/31\/75\/58.<\/p>\n<div id=\"attachment_1547\" style=\"width: 223px\" class=\"wp-caption alignright\"><a href=\"https:\/\/www.comitenervo.fr\/wp-content\/uploads\/2013\/12\/HAUTPROG1.jpg\"><img loading=\"lazy\" decoding=\"async\" aria-describedby=\"caption-attachment-1547\" class=\"size-medium wp-image-1547\" alt=\"Hautmont1\" src=\"https:\/\/www.comitenervo.fr\/wp-content\/uploads\/2013\/12\/HAUTPROG1-213x300.jpg\" width=\"213\" height=\"300\" srcset=\"https:\/\/www.comitenervo.fr\/wp-content\/uploads\/2013\/12\/HAUTPROG1-213x300.jpg 213w, https:\/\/www.comitenervo.fr\/wp-content\/uploads\/2013\/12\/HAUTPROG1-729x1024.jpg 729w, https:\/\/www.comitenervo.fr\/wp-content\/uploads\/2013\/12\/HAUTPROG1-106x150.jpg 106w, https:\/\/www.comitenervo.fr\/wp-content\/uploads\/2013\/12\/HAUTPROG1-400x561.jpg 400w, https:\/\/www.comitenervo.fr\/wp-content\/uploads\/2013\/12\/HAUTPROG1.jpg 832w\" sizes=\"auto, (max-width: 213px) 100vw, 213px\" \/><\/a><p id=\"caption-attachment-1547\" class=\"wp-caption-text\">Hautmont1<\/p><\/div>\n<p><a href=\"https:\/\/www.comitenervo.fr\/wp-content\/uploads\/2013\/12\/HAUTPROG2.jpg\"><img loading=\"lazy\" decoding=\"async\" class=\"alignleft size-medium wp-image-1548\" alt=\"HAUTPROG2\" src=\"https:\/\/www.comitenervo.fr\/wp-content\/uploads\/2013\/12\/HAUTPROG2-213x300.jpg\" width=\"213\" height=\"300\" srcset=\"https:\/\/www.comitenervo.fr\/wp-content\/uploads\/2013\/12\/HAUTPROG2-213x300.jpg 213w, https:\/\/www.comitenervo.fr\/wp-content\/uploads\/2013\/12\/HAUTPROG2-729x1024.jpg 729w, https:\/\/www.comitenervo.fr\/wp-content\/uploads\/2013\/12\/HAUTPROG2-106x150.jpg 106w, https:\/\/www.comitenervo.fr\/wp-content\/uploads\/2013\/12\/HAUTPROG2-400x561.jpg 400w, https:\/\/www.comitenervo.fr\/wp-content\/uploads\/2013\/12\/HAUTPROG2.jpg 832w\" sizes=\"auto, (max-width: 213px) 100vw, 213px\" \/><\/a><\/p>\n","protected":false},"excerpt":{"rendered":"<p>Le comit\u00e9 organise une excursion au march\u00e9 de no\u00ebl d&rsquo; Hautmont. Jusqu&rsquo;au 1er d\u00e9cembre les inscriptions seront r\u00e9serv\u00e9es aux habitants du quartier; ensuite priorit\u00e9 aux possesseurs d&rsquo;une\u00a0carte de soutien et enfin ouvert \u00e0 tous. Un seul bus est pr\u00e9vu pour &hellip; <a href=\"https:\/\/www.comitenervo.fr\/?p=1546\">Continuer la lecture <span class=\"meta-nav\">&rarr;<\/span><\/a><\/p>\n","protected":false},"author":2,"featured_media":0,"comment_status":"open","ping_status":"open","sticky":false,"template":"","format":"standard","meta":{"_monsterinsights_skip_tracking":false,"_monsterinsights_sitenote_active":false,"_monsterinsights_sitenote_note":"","_monsterinsights_sitenote_category":0,"ngg_post_thumbnail":0,"footnotes":""},"categories":[8],"tags":[],"class_list":["post-1546","post","type-post","status-publish","format-standard","hentry","category-voyage"],"_links":{"self":[{"href":"https:\/\/www.comitenervo.fr\/index.php?rest_route=\/wp\/v2\/posts\/1546","targetHints":{"allow":["GET"]}}],"collection":[{"href":"https:\/\/www.comitenervo.fr\/index.php?rest_route=\/wp\/v2\/posts"}],"about":[{"href":"https:\/\/www.comitenervo.fr\/index.php?rest_route=\/wp\/v2\/types\/post"}],"author":[{"embeddable":true,"href":"https:\/\/www.comitenervo.fr\/index.php?rest_route=\/wp\/v2\/users\/2"}],"replies":[{"embeddable":true,"href":"https:\/\/www.comitenervo.fr\/index.php?rest_route=%2Fwp%2Fv2%2Fcomments&post=1546"}],"version-history":[{"count":5,"href":"https:\/\/www.comitenervo.fr\/index.php?rest_route=\/wp\/v2\/posts\/1546\/revisions"}],"predecessor-version":[{"id":1551,"href":"https:\/\/www.comitenervo.fr\/index.php?rest_route=\/wp\/v2\/posts\/1546\/revisions\/1551"}],"wp:attachment":[{"href":"https:\/\/www.comitenervo.fr\/index.php?rest_route=%2Fwp%2Fv2%2Fmedia&parent=1546"}],"wp:term":[{"taxonomy":"category","embeddable":true,"href":"https:\/\/www.comitenervo.fr\/index.php?rest_route=%2Fwp%2Fv2%2Fcategories&post=1546"},{"taxonomy":"post_tag","embeddable":true,"href":"https:\/\/www.comitenervo.fr\/index.php?rest_route=%2Fwp%2Fv2%2Ftags&post=1546"}],"curies":[{"name":"wp","href":"https:\/\/api.w.org\/{rel}","templated":true}]}}