{"id":1538,"date":"2013-11-29T21:50:25","date_gmt":"2013-11-29T20:50:25","guid":{"rendered":"https:\/\/www.comitenervo.fr\/?p=1538"},"modified":"2014-11-28T09:44:02","modified_gmt":"2014-11-28T08:44:02","slug":"visite-a-madame-dubart","status":"publish","type":"post","link":"https:\/\/www.comitenervo.fr\/?p=1538","title":{"rendered":"VISITE A MADAME DUBART."},"content":{"rendered":"<p>Malheureusement Mme Dubart, n&rsquo;a pu assister\u00a0 \u00e0 la f\u00eate des a\u00een\u00e9s \u00e9tant donn\u00e9 un probl\u00e8me de sant\u00e9.<\/p>\n<p>N\u00e9anmoins, le pr\u00e9sident Daniel Wuilbeaux a tenu \u00e0\u00a0 remettre \u00e0 la doyenne du quartier Nervo le traditionnel\u00a0 bouquet de fleurs.<\/p>\n<p>Merci au docteur Gadenne et \u00e0 son \u00e9quipe qui ont permis cette visite au centre de sant\u00e9 d &lsquo;Escaudain.<\/p>\n<div id=\"attachment_1540\" style=\"width: 160px\" class=\"wp-caption alignright\"><a href=\"https:\/\/www.comitenervo.fr\/wp-content\/uploads\/2013\/11\/P1010149.jpg\"><img loading=\"lazy\" decoding=\"async\" aria-describedby=\"caption-attachment-1540\" class=\"size-thumbnail wp-image-1540\" alt=\"Mme Dubart et l'\u00e9quipe soignante.\" src=\"https:\/\/www.comitenervo.fr\/wp-content\/uploads\/2013\/11\/P1010149-150x150.jpg\" width=\"150\" height=\"150\" \/><\/a><p id=\"caption-attachment-1540\" class=\"wp-caption-text\">Mme Dubart et l&rsquo;\u00e9quipe soignante.<\/p><\/div>\n<div id=\"attachment_1539\" style=\"width: 160px\" class=\"wp-caption alignleft\"><a href=\"https:\/\/www.comitenervo.fr\/wp-content\/uploads\/2013\/11\/P1010148.jpg\"><img loading=\"lazy\" decoding=\"async\" aria-describedby=\"caption-attachment-1539\" class=\"size-thumbnail wp-image-1539\" alt=\"Mme Dubart et Daniel Wuilbeaux.\" src=\"https:\/\/www.comitenervo.fr\/wp-content\/uploads\/2013\/11\/P1010148-150x150.jpg\" width=\"150\" height=\"150\" \/><\/a><p id=\"caption-attachment-1539\" class=\"wp-caption-text\">Mme Dubart et Daniel Wuilbeaux.<\/p><\/div>\n","protected":false},"excerpt":{"rendered":"<p>Malheureusement Mme Dubart, n&rsquo;a pu assister\u00a0 \u00e0 la f\u00eate des a\u00een\u00e9s \u00e9tant donn\u00e9 un probl\u00e8me de sant\u00e9. N\u00e9anmoins, le pr\u00e9sident Daniel Wuilbeaux a tenu \u00e0\u00a0 remettre \u00e0 la doyenne du quartier Nervo le traditionnel\u00a0 bouquet de fleurs. Merci au docteur &hellip; <a href=\"https:\/\/www.comitenervo.fr\/?p=1538\">Continuer la lecture <span class=\"meta-nav\">&rarr;<\/span><\/a><\/p>\n","protected":false},"author":2,"featured_media":0,"comment_status":"open","ping_status":"open","sticky":false,"template":"","format":"standard","meta":{"_monsterinsights_skip_tracking":false,"_monsterinsights_sitenote_active":false,"_monsterinsights_sitenote_note":"","_monsterinsights_sitenote_category":0,"ngg_post_thumbnail":0,"footnotes":""},"categories":[7,10],"tags":[],"class_list":["post-1538","post","type-post","status-publish","format-standard","hentry","category-anciens-de-la-cite","category-portrait"],"_links":{"self":[{"href":"https:\/\/www.comitenervo.fr\/index.php?rest_route=\/wp\/v2\/posts\/1538","targetHints":{"allow":["GET"]}}],"collection":[{"href":"https:\/\/www.comitenervo.fr\/index.php?rest_route=\/wp\/v2\/posts"}],"about":[{"href":"https:\/\/www.comitenervo.fr\/index.php?rest_route=\/wp\/v2\/types\/post"}],"author":[{"embeddable":true,"href":"https:\/\/www.comitenervo.fr\/index.php?rest_route=\/wp\/v2\/users\/2"}],"replies":[{"embeddable":true,"href":"https:\/\/www.comitenervo.fr\/index.php?rest_route=%2Fwp%2Fv2%2Fcomments&post=1538"}],"version-history":[{"count":6,"href":"https:\/\/www.comitenervo.fr\/index.php?rest_route=\/wp\/v2\/posts\/1538\/revisions"}],"predecessor-version":[{"id":2460,"href":"https:\/\/www.comitenervo.fr\/index.php?rest_route=\/wp\/v2\/posts\/1538\/revisions\/2460"}],"wp:attachment":[{"href":"https:\/\/www.comitenervo.fr\/index.php?rest_route=%2Fwp%2Fv2%2Fmedia&parent=1538"}],"wp:term":[{"taxonomy":"category","embeddable":true,"href":"https:\/\/www.comitenervo.fr\/index.php?rest_route=%2Fwp%2Fv2%2Fcategories&post=1538"},{"taxonomy":"post_tag","embeddable":true,"href":"https:\/\/www.comitenervo.fr\/index.php?rest_route=%2Fwp%2Fv2%2Ftags&post=1538"}],"curies":[{"name":"wp","href":"https:\/\/api.w.org\/{rel}","templated":true}]}}