{"id":1499,"date":"2013-11-22T21:43:19","date_gmt":"2013-11-22T20:43:19","guid":{"rendered":"https:\/\/www.comitenervo.fr\/?p=1499"},"modified":"2014-11-28T09:43:02","modified_gmt":"2014-11-28T08:43:02","slug":"marche-de-noel-d-hautmont","status":"publish","type":"post","link":"https:\/\/www.comitenervo.fr\/?p=1499","title":{"rendered":"MARCHE  DE  NO\u00cbL  D&rsquo; HAUTMONT."},"content":{"rendered":"<p>Le comit\u00e9 organise une excursion au march\u00e9 de no\u00ebl d&rsquo; Hautmont le samedi 14 d\u00e9cembre 2013, rendez-vous :14h45, d\u00e9part 15h00 et retour vers 21h00.<\/p>\n<p>Les inscriptions jusqu&rsquo;au 1er d\u00e9cembre seront r\u00e9serv\u00e9es aux habitants du quartier; ensuite les personnes poss\u00e9dant une carte de soutien pourront s&rsquo;inscrire et enfin ouverture \u00e0 tous.<\/p>\n<p>L\u2019apr\u00e8s-midi \u00e9tant libre, mais n\u00e9anmoins des\u00a0 indications seront donn\u00e9es aux participants concernant les animations sur place. ( notamment les chants Gospel avec Nicoletta).<\/p>\n<div id=\"attachment_1501\" style=\"width: 226px\" class=\"wp-caption alignleft\"><a href=\"https:\/\/www.comitenervo.fr\/wp-content\/uploads\/2013\/11\/hautmont2-001.jpg\"><img loading=\"lazy\" decoding=\"async\" aria-describedby=\"caption-attachment-1501\" class=\"size-medium wp-image-1501\" alt=\"March\u00e9 de No\u00ebl \u00e0 Hautmont.\" src=\"https:\/\/www.comitenervo.fr\/wp-content\/uploads\/2013\/11\/hautmont2-001-216x300.jpg\" width=\"216\" height=\"300\" srcset=\"https:\/\/www.comitenervo.fr\/wp-content\/uploads\/2013\/11\/hautmont2-001-216x300.jpg 216w, https:\/\/www.comitenervo.fr\/wp-content\/uploads\/2013\/11\/hautmont2-001-108x150.jpg 108w, https:\/\/www.comitenervo.fr\/wp-content\/uploads\/2013\/11\/hautmont2-001-400x555.jpg 400w, https:\/\/www.comitenervo.fr\/wp-content\/uploads\/2013\/11\/hautmont2-001.jpg 576w\" sizes=\"auto, (max-width: 216px) 100vw, 216px\" \/><\/a><p id=\"caption-attachment-1501\" class=\"wp-caption-text\">March\u00e9 de No\u00ebl \u00e0 Hautmont.<\/p><\/div>\n<p><a href=\"https:\/\/www.comitenervo.fr\/wp-content\/uploads\/2013\/11\/hautmontfiche-inscription.jpg\"><img loading=\"lazy\" decoding=\"async\" class=\"alignright size-medium wp-image-1502\" alt=\"hautmontfiche inscription\" src=\"https:\/\/www.comitenervo.fr\/wp-content\/uploads\/2013\/11\/hautmontfiche-inscription-300x190.jpg\" width=\"300\" height=\"190\" srcset=\"https:\/\/www.comitenervo.fr\/wp-content\/uploads\/2013\/11\/hautmontfiche-inscription-300x190.jpg 300w, https:\/\/www.comitenervo.fr\/wp-content\/uploads\/2013\/11\/hautmontfiche-inscription-150x95.jpg 150w, https:\/\/www.comitenervo.fr\/wp-content\/uploads\/2013\/11\/hautmontfiche-inscription-400x253.jpg 400w, https:\/\/www.comitenervo.fr\/wp-content\/uploads\/2013\/11\/hautmontfiche-inscription.jpg 656w\" sizes=\"auto, (max-width: 300px) 100vw, 300px\" \/><\/a><\/p>\n","protected":false},"excerpt":{"rendered":"<p>Le comit\u00e9 organise une excursion au march\u00e9 de no\u00ebl d&rsquo; Hautmont le samedi 14 d\u00e9cembre 2013, rendez-vous :14h45, d\u00e9part 15h00 et retour vers 21h00. Les inscriptions jusqu&rsquo;au 1er d\u00e9cembre seront r\u00e9serv\u00e9es aux habitants du quartier; ensuite les personnes poss\u00e9dant une &hellip; <a href=\"https:\/\/www.comitenervo.fr\/?p=1499\">Continuer la lecture <span class=\"meta-nav\">&rarr;<\/span><\/a><\/p>\n","protected":false},"author":2,"featured_media":0,"comment_status":"open","ping_status":"open","sticky":false,"template":"","format":"standard","meta":{"_monsterinsights_skip_tracking":false,"_monsterinsights_sitenote_active":false,"_monsterinsights_sitenote_note":"","_monsterinsights_sitenote_category":0,"ngg_post_thumbnail":0,"footnotes":""},"categories":[9,8],"tags":[],"class_list":["post-1499","post","type-post","status-publish","format-standard","hentry","category-evenement","category-voyage"],"_links":{"self":[{"href":"https:\/\/www.comitenervo.fr\/index.php?rest_route=\/wp\/v2\/posts\/1499","targetHints":{"allow":["GET"]}}],"collection":[{"href":"https:\/\/www.comitenervo.fr\/index.php?rest_route=\/wp\/v2\/posts"}],"about":[{"href":"https:\/\/www.comitenervo.fr\/index.php?rest_route=\/wp\/v2\/types\/post"}],"author":[{"embeddable":true,"href":"https:\/\/www.comitenervo.fr\/index.php?rest_route=\/wp\/v2\/users\/2"}],"replies":[{"embeddable":true,"href":"https:\/\/www.comitenervo.fr\/index.php?rest_route=%2Fwp%2Fv2%2Fcomments&post=1499"}],"version-history":[{"count":3,"href":"https:\/\/www.comitenervo.fr\/index.php?rest_route=\/wp\/v2\/posts\/1499\/revisions"}],"predecessor-version":[{"id":1505,"href":"https:\/\/www.comitenervo.fr\/index.php?rest_route=\/wp\/v2\/posts\/1499\/revisions\/1505"}],"wp:attachment":[{"href":"https:\/\/www.comitenervo.fr\/index.php?rest_route=%2Fwp%2Fv2%2Fmedia&parent=1499"}],"wp:term":[{"taxonomy":"category","embeddable":true,"href":"https:\/\/www.comitenervo.fr\/index.php?rest_route=%2Fwp%2Fv2%2Fcategories&post=1499"},{"taxonomy":"post_tag","embeddable":true,"href":"https:\/\/www.comitenervo.fr\/index.php?rest_route=%2Fwp%2Fv2%2Ftags&post=1499"}],"curies":[{"name":"wp","href":"https:\/\/api.w.org\/{rel}","templated":true}]}}