{"id":1488,"date":"2013-11-11T09:58:51","date_gmt":"2013-11-11T08:58:51","guid":{"rendered":"https:\/\/www.comitenervo.fr\/?p=1488"},"modified":"2014-11-28T09:42:56","modified_gmt":"2014-11-28T08:42:56","slug":"le-bal-country-se-prepare","status":"publish","type":"post","link":"https:\/\/www.comitenervo.fr\/?p=1488","title":{"rendered":"LE BAL COUNTRY SE PREPARE."},"content":{"rendered":"<p>Afin de pr\u00e9parer l&rsquo;organisation du bal country, 2 r\u00e9unions ont \u00e9t\u00e9 n\u00e9cessaires.<\/p>\n<p>Le comit\u00e9 Nervo\u00a0 au complet ainsi que Louis Plouchart et Micha\u00ebl Mar\u00e9chal pour le basket f\u00e9minin, r\u00e9unis ce mercredi 6 novembre,\u00a0 ont r\u00e9parti les diff\u00e9rentes t\u00e2ches \u00e0 chacun des b\u00e9n\u00e9voles.<\/p>\n<p><a href=\"https:\/\/www.comitenervo.fr\/wp-content\/uploads\/2013\/11\/P1010075REUNION.jpg\"><img loading=\"lazy\" decoding=\"async\" class=\"aligncenter size-large wp-image-1489\" alt=\"P1010075REUNION\" src=\"https:\/\/www.comitenervo.fr\/wp-content\/uploads\/2013\/11\/P1010075REUNION-1024x768.jpg\" width=\"640\" height=\"480\" srcset=\"https:\/\/www.comitenervo.fr\/wp-content\/uploads\/2013\/11\/P1010075REUNION-1024x768.jpg 1024w, https:\/\/www.comitenervo.fr\/wp-content\/uploads\/2013\/11\/P1010075REUNION-300x225.jpg 300w, https:\/\/www.comitenervo.fr\/wp-content\/uploads\/2013\/11\/P1010075REUNION-150x112.jpg 150w, https:\/\/www.comitenervo.fr\/wp-content\/uploads\/2013\/11\/P1010075REUNION-400x300.jpg 400w\" sizes=\"auto, (max-width: 640px) 100vw, 640px\" \/><\/a>Esp\u00e9rons que dimanche 17 novembre vers 21h00, les sourires soient sur les visages des organisateurs !!!!<\/p>\n","protected":false},"excerpt":{"rendered":"<p>Afin de pr\u00e9parer l&rsquo;organisation du bal country, 2 r\u00e9unions ont \u00e9t\u00e9 n\u00e9cessaires. Le comit\u00e9 Nervo\u00a0 au complet ainsi que Louis Plouchart et Micha\u00ebl Mar\u00e9chal pour le basket f\u00e9minin, r\u00e9unis ce mercredi 6 novembre,\u00a0 ont r\u00e9parti les diff\u00e9rentes t\u00e2ches \u00e0 chacun &hellip; <a href=\"https:\/\/www.comitenervo.fr\/?p=1488\">Continuer la lecture <span class=\"meta-nav\">&rarr;<\/span><\/a><\/p>\n","protected":false},"author":2,"featured_media":0,"comment_status":"open","ping_status":"open","sticky":false,"template":"","format":"standard","meta":{"_monsterinsights_skip_tracking":false,"_monsterinsights_sitenote_active":false,"_monsterinsights_sitenote_note":"","_monsterinsights_sitenote_category":0,"ngg_post_thumbnail":0,"footnotes":""},"categories":[9],"tags":[],"class_list":["post-1488","post","type-post","status-publish","format-standard","hentry","category-evenement"],"_links":{"self":[{"href":"https:\/\/www.comitenervo.fr\/index.php?rest_route=\/wp\/v2\/posts\/1488","targetHints":{"allow":["GET"]}}],"collection":[{"href":"https:\/\/www.comitenervo.fr\/index.php?rest_route=\/wp\/v2\/posts"}],"about":[{"href":"https:\/\/www.comitenervo.fr\/index.php?rest_route=\/wp\/v2\/types\/post"}],"author":[{"embeddable":true,"href":"https:\/\/www.comitenervo.fr\/index.php?rest_route=\/wp\/v2\/users\/2"}],"replies":[{"embeddable":true,"href":"https:\/\/www.comitenervo.fr\/index.php?rest_route=%2Fwp%2Fv2%2Fcomments&post=1488"}],"version-history":[{"count":3,"href":"https:\/\/www.comitenervo.fr\/index.php?rest_route=\/wp\/v2\/posts\/1488\/revisions"}],"predecessor-version":[{"id":1531,"href":"https:\/\/www.comitenervo.fr\/index.php?rest_route=\/wp\/v2\/posts\/1488\/revisions\/1531"}],"wp:attachment":[{"href":"https:\/\/www.comitenervo.fr\/index.php?rest_route=%2Fwp%2Fv2%2Fmedia&parent=1488"}],"wp:term":[{"taxonomy":"category","embeddable":true,"href":"https:\/\/www.comitenervo.fr\/index.php?rest_route=%2Fwp%2Fv2%2Fcategories&post=1488"},{"taxonomy":"post_tag","embeddable":true,"href":"https:\/\/www.comitenervo.fr\/index.php?rest_route=%2Fwp%2Fv2%2Ftags&post=1488"}],"curies":[{"name":"wp","href":"https:\/\/api.w.org\/{rel}","templated":true}]}}