{"id":1459,"date":"2013-10-17T10:12:10","date_gmt":"2013-10-17T08:12:10","guid":{"rendered":"https:\/\/www.comitenervo.fr\/?p=1459"},"modified":"2013-11-26T11:37:34","modified_gmt":"2013-11-26T10:37:34","slug":"la-fete-des-aines-du-mercredi-27-novembre-2013","status":"publish","type":"post","link":"https:\/\/www.comitenervo.fr\/?p=1459","title":{"rendered":"LA F\u00caTE DES A\u00ceNES DU MERCREDI 27 NOVEMBRE 2013."},"content":{"rendered":"<p>Les personnes souhaitant participer \u00e0 cette f\u00eate des a\u00een\u00e9s , peuvent s&rsquo;inscrire d\u00e8s maintenant en renvoyant l&rsquo;imprim\u00e9 chez Daniel Zaich ( avec le ch\u00e8que \u00e0 l&rsquo;ordre du comit\u00e9 Nervo pour les \u00ab\u00a0ext\u00e9rieurs\u00a0\u00bb).<\/p>\n<p>Nous rappelons, que ce th\u00e9 dansant\u00a0\u00a0 anim\u00e9 par l&rsquo;orchestre \u00ab\u00a0Les Wizards\u00a0\u00bb, est gratuit pour les a\u00een\u00e9s de la cit\u00e9 \u00e2g\u00e9s de plus de 60 ans ainsi que pour leurs conjoints .<\/p>\n<p>Les personnes ext\u00e9rieures au quartier peuvent \u00e9galement profiter de ce spectacle avec un participation modique de 5\u20ac.<\/p>\n<p>Du caf\u00e9, biscuits, g\u00e2teau et une coupe de boisson p\u00e9tillante\u00a0 seront offerts \u00e0 tous.<\/p>\n<div id=\"attachment_1466\" style=\"width: 310px\" class=\"wp-caption alignright\"><a href=\"https:\/\/www.comitenervo.fr\/wp-content\/uploads\/2013\/10\/INSCRIPTION-THE-DANSANT.jpg\"><img loading=\"lazy\" decoding=\"async\" aria-describedby=\"caption-attachment-1466\" class=\"size-medium wp-image-1466\" alt=\"Fiche d'inscription.\" src=\"https:\/\/www.comitenervo.fr\/wp-content\/uploads\/2013\/10\/INSCRIPTION-THE-DANSANT-300x208.jpg\" width=\"300\" height=\"208\" srcset=\"https:\/\/www.comitenervo.fr\/wp-content\/uploads\/2013\/10\/INSCRIPTION-THE-DANSANT-300x208.jpg 300w, https:\/\/www.comitenervo.fr\/wp-content\/uploads\/2013\/10\/INSCRIPTION-THE-DANSANT-150x104.jpg 150w, https:\/\/www.comitenervo.fr\/wp-content\/uploads\/2013\/10\/INSCRIPTION-THE-DANSANT-400x278.jpg 400w, https:\/\/www.comitenervo.fr\/wp-content\/uploads\/2013\/10\/INSCRIPTION-THE-DANSANT.jpg 850w\" sizes=\"auto, (max-width: 300px) 100vw, 300px\" \/><\/a><p id=\"caption-attachment-1466\" class=\"wp-caption-text\">Fiche d&rsquo;inscription.<\/p><\/div>\n<div id=\"attachment_1460\" style=\"width: 219px\" class=\"wp-caption alignleft\"><a href=\"https:\/\/www.comitenervo.fr\/wp-content\/uploads\/2013\/10\/affiche-wizards-domb.jpg\"><img loading=\"lazy\" decoding=\"async\" aria-describedby=\"caption-attachment-1460\" class=\"size-medium wp-image-1460\" alt=\"L'orchestre &quot;Les Wizards&quot;\" src=\"https:\/\/www.comitenervo.fr\/wp-content\/uploads\/2013\/10\/affiche-wizards-domb-209x300.jpg\" width=\"209\" height=\"300\" srcset=\"https:\/\/www.comitenervo.fr\/wp-content\/uploads\/2013\/10\/affiche-wizards-domb-209x300.jpg 209w, https:\/\/www.comitenervo.fr\/wp-content\/uploads\/2013\/10\/affiche-wizards-domb-715x1024.jpg 715w, https:\/\/www.comitenervo.fr\/wp-content\/uploads\/2013\/10\/affiche-wizards-domb-104x150.jpg 104w, https:\/\/www.comitenervo.fr\/wp-content\/uploads\/2013\/10\/affiche-wizards-domb-400x572.jpg 400w, https:\/\/www.comitenervo.fr\/wp-content\/uploads\/2013\/10\/affiche-wizards-domb.jpg 816w\" sizes=\"auto, (max-width: 209px) 100vw, 209px\" \/><\/a><p id=\"caption-attachment-1460\" class=\"wp-caption-text\">L&rsquo;orchestre \u00ab\u00a0Les Wizards\u00a0\u00bb<\/p><\/div>\n","protected":false},"excerpt":{"rendered":"<p>Les personnes souhaitant participer \u00e0 cette f\u00eate des a\u00een\u00e9s , peuvent s&rsquo;inscrire d\u00e8s maintenant en renvoyant l&rsquo;imprim\u00e9 chez Daniel Zaich ( avec le ch\u00e8que \u00e0 l&rsquo;ordre du comit\u00e9 Nervo pour les \u00ab\u00a0ext\u00e9rieurs\u00a0\u00bb). Nous rappelons, que ce th\u00e9 dansant\u00a0\u00a0 anim\u00e9 par &hellip; <a href=\"https:\/\/www.comitenervo.fr\/?p=1459\">Continuer la lecture <span class=\"meta-nav\">&rarr;<\/span><\/a><\/p>\n","protected":false},"author":2,"featured_media":0,"comment_status":"open","ping_status":"open","sticky":false,"template":"","format":"standard","meta":{"_monsterinsights_skip_tracking":false,"_monsterinsights_sitenote_active":false,"_monsterinsights_sitenote_note":"","_monsterinsights_sitenote_category":0,"ngg_post_thumbnail":0,"footnotes":""},"categories":[7,9],"tags":[],"class_list":["post-1459","post","type-post","status-publish","format-standard","hentry","category-anciens-de-la-cite","category-evenement"],"_links":{"self":[{"href":"https:\/\/www.comitenervo.fr\/index.php?rest_route=\/wp\/v2\/posts\/1459","targetHints":{"allow":["GET"]}}],"collection":[{"href":"https:\/\/www.comitenervo.fr\/index.php?rest_route=\/wp\/v2\/posts"}],"about":[{"href":"https:\/\/www.comitenervo.fr\/index.php?rest_route=\/wp\/v2\/types\/post"}],"author":[{"embeddable":true,"href":"https:\/\/www.comitenervo.fr\/index.php?rest_route=\/wp\/v2\/users\/2"}],"replies":[{"embeddable":true,"href":"https:\/\/www.comitenervo.fr\/index.php?rest_route=%2Fwp%2Fv2%2Fcomments&post=1459"}],"version-history":[{"count":8,"href":"https:\/\/www.comitenervo.fr\/index.php?rest_route=\/wp\/v2\/posts\/1459\/revisions"}],"predecessor-version":[{"id":1473,"href":"https:\/\/www.comitenervo.fr\/index.php?rest_route=\/wp\/v2\/posts\/1459\/revisions\/1473"}],"wp:attachment":[{"href":"https:\/\/www.comitenervo.fr\/index.php?rest_route=%2Fwp%2Fv2%2Fmedia&parent=1459"}],"wp:term":[{"taxonomy":"category","embeddable":true,"href":"https:\/\/www.comitenervo.fr\/index.php?rest_route=%2Fwp%2Fv2%2Fcategories&post=1459"},{"taxonomy":"post_tag","embeddable":true,"href":"https:\/\/www.comitenervo.fr\/index.php?rest_route=%2Fwp%2Fv2%2Ftags&post=1459"}],"curies":[{"name":"wp","href":"https:\/\/api.w.org\/{rel}","templated":true}]}}