{"id":1454,"date":"2013-09-20T21:29:36","date_gmt":"2013-09-20T19:29:36","guid":{"rendered":"https:\/\/www.comitenervo.fr\/?p=1454"},"modified":"2013-11-26T11:37:23","modified_gmt":"2013-11-26T10:37:23","slug":"information-importante","status":"publish","type":"post","link":"https:\/\/www.comitenervo.fr\/?p=1454","title":{"rendered":"INFORMATION IMPORTANTE."},"content":{"rendered":"<p>Daniel Wuilbeaux,\u00a0 le pr\u00e9sident du comit\u00e9 des f\u00eates de la cit\u00e9 Nervo, a d\u00e9cid\u00e9 de d\u00e9missionner, et ceci\u00a0 prendra effet au mois de janvier 2014\u00a0 suite \u00e0 l&rsquo;assembl\u00e9e g\u00e9n\u00e9rale annuelle.<\/p>\n<p>L&rsquo;association et l&rsquo;ensemble du bureau recherchent d&rsquo;ores et d\u00e9j\u00e0 un nouveau pr\u00e9sident, qui prendra ses fonctions apr\u00e8s l&rsquo;assembl\u00e9e du mois de janvier 2014.<\/p>\n<p>Vous pouvez pr\u00e9senter vos candidatures aux membres du comit\u00e9 des f\u00eates d\u00e9s \u00e0 pr\u00e9sent.<\/p>\n<p>Pour toutes informations compl\u00e9mentaires, vous pouvez vous rapprocher des membres de l&rsquo;association.<\/p>\n<p>Cordialement.<\/p>\n<p>Le comit\u00e9 des f\u00eates de la cit\u00e9 Nervo.<\/p>\n<p>&nbsp;<\/p>\n","protected":false},"excerpt":{"rendered":"<p>Daniel Wuilbeaux,\u00a0 le pr\u00e9sident du comit\u00e9 des f\u00eates de la cit\u00e9 Nervo, a d\u00e9cid\u00e9 de d\u00e9missionner, et ceci\u00a0 prendra effet au mois de janvier 2014\u00a0 suite \u00e0 l&rsquo;assembl\u00e9e g\u00e9n\u00e9rale annuelle. L&rsquo;association et l&rsquo;ensemble du bureau recherchent d&rsquo;ores et d\u00e9j\u00e0 un &hellip; <a href=\"https:\/\/www.comitenervo.fr\/?p=1454\">Continuer la lecture <span class=\"meta-nav\">&rarr;<\/span><\/a><\/p>\n","protected":false},"author":2,"featured_media":0,"comment_status":"open","ping_status":"open","sticky":false,"template":"","format":"standard","meta":{"_monsterinsights_skip_tracking":false,"_monsterinsights_sitenote_active":false,"_monsterinsights_sitenote_note":"","_monsterinsights_sitenote_category":0,"ngg_post_thumbnail":0,"footnotes":""},"categories":[6],"tags":[],"class_list":["post-1454","post","type-post","status-publish","format-standard","hentry","category-vie-de-la-cite"],"_links":{"self":[{"href":"https:\/\/www.comitenervo.fr\/index.php?rest_route=\/wp\/v2\/posts\/1454","targetHints":{"allow":["GET"]}}],"collection":[{"href":"https:\/\/www.comitenervo.fr\/index.php?rest_route=\/wp\/v2\/posts"}],"about":[{"href":"https:\/\/www.comitenervo.fr\/index.php?rest_route=\/wp\/v2\/types\/post"}],"author":[{"embeddable":true,"href":"https:\/\/www.comitenervo.fr\/index.php?rest_route=\/wp\/v2\/users\/2"}],"replies":[{"embeddable":true,"href":"https:\/\/www.comitenervo.fr\/index.php?rest_route=%2Fwp%2Fv2%2Fcomments&post=1454"}],"version-history":[{"count":4,"href":"https:\/\/www.comitenervo.fr\/index.php?rest_route=\/wp\/v2\/posts\/1454\/revisions"}],"predecessor-version":[{"id":1529,"href":"https:\/\/www.comitenervo.fr\/index.php?rest_route=\/wp\/v2\/posts\/1454\/revisions\/1529"}],"wp:attachment":[{"href":"https:\/\/www.comitenervo.fr\/index.php?rest_route=%2Fwp%2Fv2%2Fmedia&parent=1454"}],"wp:term":[{"taxonomy":"category","embeddable":true,"href":"https:\/\/www.comitenervo.fr\/index.php?rest_route=%2Fwp%2Fv2%2Fcategories&post=1454"},{"taxonomy":"post_tag","embeddable":true,"href":"https:\/\/www.comitenervo.fr\/index.php?rest_route=%2Fwp%2Fv2%2Ftags&post=1454"}],"curies":[{"name":"wp","href":"https:\/\/api.w.org\/{rel}","templated":true}]}}