{"id":1439,"date":"2013-09-07T21:57:28","date_gmt":"2013-09-07T19:57:28","guid":{"rendered":"https:\/\/www.comitenervo.fr\/?p=1439"},"modified":"2013-11-26T11:36:44","modified_gmt":"2013-11-26T10:36:44","slug":"bal-country-avec-alan-carter","status":"publish","type":"post","link":"https:\/\/www.comitenervo.fr\/?p=1439","title":{"rendered":"BAL COUNTRY AVEC ALAN CARTER."},"content":{"rendered":"<p>Cette ann\u00e9e, c&rsquo;est le c\u00e9l\u00e8bre chanteur anglais de musique country Alan Carter, qui animera le bal du dimanche 17 novembre 2013,\u00a0 \u00e0 la salle de la jeunesse.<\/p>\n<p>Comme en 2012,\u00a0 le basket f\u00e9minin d &lsquo;Escaudain s&rsquo;est associ\u00e9 au comit\u00e9 Nervo pour l&rsquo;organisation de cette manifestation.<\/p>\n<p>Esp\u00e9rons autant de monde qu&rsquo;en 2012 .<\/p>\n<p>On croise les doigts.<\/p>\n<div id=\"attachment_1440\" style=\"width: 310px\" class=\"wp-caption alignleft\"><a href=\"https:\/\/www.comitenervo.fr\/wp-content\/uploads\/2013\/09\/P1000047.jpg\"><img loading=\"lazy\" decoding=\"async\" aria-describedby=\"caption-attachment-1440\" class=\"size-medium wp-image-1440\" alt=\"En 2012.\" src=\"https:\/\/www.comitenervo.fr\/wp-content\/uploads\/2013\/09\/P1000047-300x225.jpg\" width=\"300\" height=\"225\" srcset=\"https:\/\/www.comitenervo.fr\/wp-content\/uploads\/2013\/09\/P1000047-300x225.jpg 300w, https:\/\/www.comitenervo.fr\/wp-content\/uploads\/2013\/09\/P1000047-150x112.jpg 150w, https:\/\/www.comitenervo.fr\/wp-content\/uploads\/2013\/09\/P1000047-400x300.jpg 400w, https:\/\/www.comitenervo.fr\/wp-content\/uploads\/2013\/09\/P1000047.jpg 640w\" sizes=\"auto, (max-width: 300px) 100vw, 300px\" \/><\/a><p id=\"caption-attachment-1440\" class=\"wp-caption-text\">En 2012.<\/p><\/div>\n<div id=\"attachment_1442\" style=\"width: 229px\" class=\"wp-caption alignright\"><a href=\"https:\/\/www.comitenervo.fr\/wp-content\/uploads\/2013\/09\/cartersite13.jpg\"><img loading=\"lazy\" decoding=\"async\" aria-describedby=\"caption-attachment-1442\" class=\"size-medium wp-image-1442\" alt=\"Alan Carter.\" src=\"https:\/\/www.comitenervo.fr\/wp-content\/uploads\/2013\/09\/cartersite13-219x300.jpg\" width=\"219\" height=\"300\" srcset=\"https:\/\/www.comitenervo.fr\/wp-content\/uploads\/2013\/09\/cartersite13-219x300.jpg 219w, https:\/\/www.comitenervo.fr\/wp-content\/uploads\/2013\/09\/cartersite13-109x150.jpg 109w, https:\/\/www.comitenervo.fr\/wp-content\/uploads\/2013\/09\/cartersite13-400x547.jpg 400w, https:\/\/www.comitenervo.fr\/wp-content\/uploads\/2013\/09\/cartersite13.jpg 608w\" sizes=\"auto, (max-width: 219px) 100vw, 219px\" \/><\/a><p id=\"caption-attachment-1442\" class=\"wp-caption-text\">Alan Carter.<\/p><\/div>\n","protected":false},"excerpt":{"rendered":"<p>Cette ann\u00e9e, c&rsquo;est le c\u00e9l\u00e8bre chanteur anglais de musique country Alan Carter, qui animera le bal du dimanche 17 novembre 2013,\u00a0 \u00e0 la salle de la jeunesse. Comme en 2012,\u00a0 le basket f\u00e9minin d &lsquo;Escaudain s&rsquo;est associ\u00e9 au comit\u00e9 Nervo &hellip; <a href=\"https:\/\/www.comitenervo.fr\/?p=1439\">Continuer la lecture <span class=\"meta-nav\">&rarr;<\/span><\/a><\/p>\n","protected":false},"author":2,"featured_media":0,"comment_status":"open","ping_status":"open","sticky":false,"template":"","format":"standard","meta":{"_monsterinsights_skip_tracking":false,"_monsterinsights_sitenote_active":false,"_monsterinsights_sitenote_note":"","_monsterinsights_sitenote_category":0,"ngg_post_thumbnail":0,"footnotes":""},"categories":[9],"tags":[],"class_list":["post-1439","post","type-post","status-publish","format-standard","hentry","category-evenement"],"_links":{"self":[{"href":"https:\/\/www.comitenervo.fr\/index.php?rest_route=\/wp\/v2\/posts\/1439","targetHints":{"allow":["GET"]}}],"collection":[{"href":"https:\/\/www.comitenervo.fr\/index.php?rest_route=\/wp\/v2\/posts"}],"about":[{"href":"https:\/\/www.comitenervo.fr\/index.php?rest_route=\/wp\/v2\/types\/post"}],"author":[{"embeddable":true,"href":"https:\/\/www.comitenervo.fr\/index.php?rest_route=\/wp\/v2\/users\/2"}],"replies":[{"embeddable":true,"href":"https:\/\/www.comitenervo.fr\/index.php?rest_route=%2Fwp%2Fv2%2Fcomments&post=1439"}],"version-history":[{"count":4,"href":"https:\/\/www.comitenervo.fr\/index.php?rest_route=\/wp\/v2\/posts\/1439\/revisions"}],"predecessor-version":[{"id":1527,"href":"https:\/\/www.comitenervo.fr\/index.php?rest_route=\/wp\/v2\/posts\/1439\/revisions\/1527"}],"wp:attachment":[{"href":"https:\/\/www.comitenervo.fr\/index.php?rest_route=%2Fwp%2Fv2%2Fmedia&parent=1439"}],"wp:term":[{"taxonomy":"category","embeddable":true,"href":"https:\/\/www.comitenervo.fr\/index.php?rest_route=%2Fwp%2Fv2%2Fcategories&post=1439"},{"taxonomy":"post_tag","embeddable":true,"href":"https:\/\/www.comitenervo.fr\/index.php?rest_route=%2Fwp%2Fv2%2Ftags&post=1439"}],"curies":[{"name":"wp","href":"https:\/\/api.w.org\/{rel}","templated":true}]}}