{"id":1356,"date":"2013-06-27T10:13:37","date_gmt":"2013-06-27T08:13:37","guid":{"rendered":"https:\/\/www.comitenervo.fr\/?p=1356"},"modified":"2013-06-27T10:35:20","modified_gmt":"2013-06-27T08:35:20","slug":"la-fete-des-aines-avec-salvatore","status":"publish","type":"post","link":"https:\/\/www.comitenervo.fr\/?p=1356","title":{"rendered":"LA F\u00caTE DES A\u00ceNES AVEC  SALVATORE ."},"content":{"rendered":"<p>La f\u00eate des a\u00een\u00e9s aura lieu cette ann\u00e9e le mercredi 27 novembre 2013, \u00e0 la salle de la Jeunesse.<\/p>\n<p>Nous aurons la chance d&rsquo; \u00e9couter Salvatore le chanteur des Wizards.<\/p>\n<p>Renseignements au 03\/27\/31\/75\/58.<\/p>\n","protected":false},"excerpt":{"rendered":"<p>La f\u00eate des a\u00een\u00e9s aura lieu cette ann\u00e9e le mercredi 27 novembre 2013, \u00e0 la salle de la Jeunesse. Nous aurons la chance d&rsquo; \u00e9couter Salvatore le chanteur des Wizards. Renseignements au 03\/27\/31\/75\/58.<\/p>\n","protected":false},"author":2,"featured_media":0,"comment_status":"open","ping_status":"open","sticky":false,"template":"","format":"standard","meta":{"_monsterinsights_skip_tracking":false,"_monsterinsights_sitenote_active":false,"_monsterinsights_sitenote_note":"","_monsterinsights_sitenote_category":0,"ngg_post_thumbnail":0,"footnotes":""},"categories":[7,9,3],"tags":[],"class_list":["post-1356","post","type-post","status-publish","format-standard","hentry","category-anciens-de-la-cite","category-evenement","category-nouveaute"],"_links":{"self":[{"href":"https:\/\/www.comitenervo.fr\/index.php?rest_route=\/wp\/v2\/posts\/1356","targetHints":{"allow":["GET"]}}],"collection":[{"href":"https:\/\/www.comitenervo.fr\/index.php?rest_route=\/wp\/v2\/posts"}],"about":[{"href":"https:\/\/www.comitenervo.fr\/index.php?rest_route=\/wp\/v2\/types\/post"}],"author":[{"embeddable":true,"href":"https:\/\/www.comitenervo.fr\/index.php?rest_route=\/wp\/v2\/users\/2"}],"replies":[{"embeddable":true,"href":"https:\/\/www.comitenervo.fr\/index.php?rest_route=%2Fwp%2Fv2%2Fcomments&post=1356"}],"version-history":[{"count":7,"href":"https:\/\/www.comitenervo.fr\/index.php?rest_route=\/wp\/v2\/posts\/1356\/revisions"}],"predecessor-version":[{"id":1387,"href":"https:\/\/www.comitenervo.fr\/index.php?rest_route=\/wp\/v2\/posts\/1356\/revisions\/1387"}],"wp:attachment":[{"href":"https:\/\/www.comitenervo.fr\/index.php?rest_route=%2Fwp%2Fv2%2Fmedia&parent=1356"}],"wp:term":[{"taxonomy":"category","embeddable":true,"href":"https:\/\/www.comitenervo.fr\/index.php?rest_route=%2Fwp%2Fv2%2Fcategories&post=1356"},{"taxonomy":"post_tag","embeddable":true,"href":"https:\/\/www.comitenervo.fr\/index.php?rest_route=%2Fwp%2Fv2%2Ftags&post=1356"}],"curies":[{"name":"wp","href":"https:\/\/api.w.org\/{rel}","templated":true}]}}