{"id":1346,"date":"2013-06-27T09:55:18","date_gmt":"2013-06-27T07:55:18","guid":{"rendered":"https:\/\/www.comitenervo.fr\/?p=1346"},"modified":"2013-06-27T10:18:48","modified_gmt":"2013-06-27T08:18:48","slug":"excursion-a-la-panne","status":"publish","type":"post","link":"https:\/\/www.comitenervo.fr\/?p=1346","title":{"rendered":"EXCURSION A LA PANNE."},"content":{"rendered":"<p>Le comit\u00e9 organise son traditionnel voyage \u00e0 la mer,\u00a0 cette ann\u00e9e \u00e0 La Panne en Belgique.<\/p>\n<p>Un seul bus de 61 places est r\u00e9serv\u00e9.<\/p>\n<p>Les participants auront le choix entre la plage ou\u00a0 le parc de loisirs.<\/p>\n<p>Renseignements au 03\/27\/31\/75\/58.<\/p>\n<div id=\"attachment_1348\" style=\"width: 220px\" class=\"wp-caption aligncenter\"><a href=\"https:\/\/www.comitenervo.fr\/wp-content\/uploads\/2013\/06\/affiche-la-panne.jpg\"><img loading=\"lazy\" decoding=\"async\" aria-describedby=\"caption-attachment-1348\" class=\"size-medium wp-image-1348\" alt=\"Fiche d'inscription.\" src=\"https:\/\/www.comitenervo.fr\/wp-content\/uploads\/2013\/06\/affiche-la-panne-210x300.jpg\" width=\"210\" height=\"300\" srcset=\"https:\/\/www.comitenervo.fr\/wp-content\/uploads\/2013\/06\/affiche-la-panne-210x300.jpg 210w, https:\/\/www.comitenervo.fr\/wp-content\/uploads\/2013\/06\/affiche-la-panne-716x1024.jpg 716w, https:\/\/www.comitenervo.fr\/wp-content\/uploads\/2013\/06\/affiche-la-panne-105x150.jpg 105w, https:\/\/www.comitenervo.fr\/wp-content\/uploads\/2013\/06\/affiche-la-panne-400x571.jpg 400w, https:\/\/www.comitenervo.fr\/wp-content\/uploads\/2013\/06\/affiche-la-panne.jpg 784w\" sizes=\"auto, (max-width: 210px) 100vw, 210px\" \/><\/a><p id=\"caption-attachment-1348\" class=\"wp-caption-text\">Fiche d&rsquo;inscription.<\/p><\/div>\n","protected":false},"excerpt":{"rendered":"<p>Le comit\u00e9 organise son traditionnel voyage \u00e0 la mer,\u00a0 cette ann\u00e9e \u00e0 La Panne en Belgique. Un seul bus de 61 places est r\u00e9serv\u00e9. Les participants auront le choix entre la plage ou\u00a0 le parc de loisirs. Renseignements au 03\/27\/31\/75\/58.<\/p>\n","protected":false},"author":2,"featured_media":0,"comment_status":"open","ping_status":"open","sticky":false,"template":"","format":"standard","meta":{"_monsterinsights_skip_tracking":false,"_monsterinsights_sitenote_active":false,"_monsterinsights_sitenote_note":"","_monsterinsights_sitenote_category":0,"ngg_post_thumbnail":0,"footnotes":""},"categories":[9,3,8],"tags":[],"class_list":["post-1346","post","type-post","status-publish","format-standard","hentry","category-evenement","category-nouveaute","category-voyage"],"_links":{"self":[{"href":"https:\/\/www.comitenervo.fr\/index.php?rest_route=\/wp\/v2\/posts\/1346","targetHints":{"allow":["GET"]}}],"collection":[{"href":"https:\/\/www.comitenervo.fr\/index.php?rest_route=\/wp\/v2\/posts"}],"about":[{"href":"https:\/\/www.comitenervo.fr\/index.php?rest_route=\/wp\/v2\/types\/post"}],"author":[{"embeddable":true,"href":"https:\/\/www.comitenervo.fr\/index.php?rest_route=\/wp\/v2\/users\/2"}],"replies":[{"embeddable":true,"href":"https:\/\/www.comitenervo.fr\/index.php?rest_route=%2Fwp%2Fv2%2Fcomments&post=1346"}],"version-history":[{"count":4,"href":"https:\/\/www.comitenervo.fr\/index.php?rest_route=\/wp\/v2\/posts\/1346\/revisions"}],"predecessor-version":[{"id":1380,"href":"https:\/\/www.comitenervo.fr\/index.php?rest_route=\/wp\/v2\/posts\/1346\/revisions\/1380"}],"wp:attachment":[{"href":"https:\/\/www.comitenervo.fr\/index.php?rest_route=%2Fwp%2Fv2%2Fmedia&parent=1346"}],"wp:term":[{"taxonomy":"category","embeddable":true,"href":"https:\/\/www.comitenervo.fr\/index.php?rest_route=%2Fwp%2Fv2%2Fcategories&post=1346"},{"taxonomy":"post_tag","embeddable":true,"href":"https:\/\/www.comitenervo.fr\/index.php?rest_route=%2Fwp%2Fv2%2Ftags&post=1346"}],"curies":[{"name":"wp","href":"https:\/\/api.w.org\/{rel}","templated":true}]}}