{"id":1332,"date":"2013-05-21T17:48:44","date_gmt":"2013-05-21T15:48:44","guid":{"rendered":"https:\/\/www.comitenervo.fr\/?p=1332"},"modified":"2013-06-27T10:18:33","modified_gmt":"2013-06-27T08:18:33","slug":"fete-des-voisins-annulee","status":"publish","type":"post","link":"https:\/\/www.comitenervo.fr\/?p=1332","title":{"rendered":"F\u00caTE DES VOISINS ANNULEE."},"content":{"rendered":"<p>Le comit\u00e9 a d\u00e9cid\u00e9 d&rsquo;annuler la f\u00eate des voisins de ce samedi 25 mai .<\/p>\n<p>La raison,\u00a0 tout le monde\u00a0 la\u00a0 connait:\u00a0 le mauvais temps.<\/p>\n<p>En effet, les pr\u00e9visions\u00a0 nous donnaient sur Escaudain, des temp\u00e9ratures maxi de 10\u00b0 et des averses importantes pour samedi.<\/p>\n<p>Inutile d&rsquo;insister.<\/p>\n<p>&nbsp;<\/p>\n","protected":false},"excerpt":{"rendered":"<p>Le comit\u00e9 a d\u00e9cid\u00e9 d&rsquo;annuler la f\u00eate des voisins de ce samedi 25 mai . La raison,\u00a0 tout le monde\u00a0 la\u00a0 connait:\u00a0 le mauvais temps. En effet, les pr\u00e9visions\u00a0 nous donnaient sur Escaudain, des temp\u00e9ratures maxi de 10\u00b0 et des &hellip; <a href=\"https:\/\/www.comitenervo.fr\/?p=1332\">Continuer la lecture <span class=\"meta-nav\">&rarr;<\/span><\/a><\/p>\n","protected":false},"author":2,"featured_media":0,"comment_status":"open","ping_status":"open","sticky":false,"template":"","format":"standard","meta":{"_monsterinsights_skip_tracking":false,"_monsterinsights_sitenote_active":false,"_monsterinsights_sitenote_note":"","_monsterinsights_sitenote_category":0,"ngg_post_thumbnail":0,"footnotes":""},"categories":[9],"tags":[],"class_list":["post-1332","post","type-post","status-publish","format-standard","hentry","category-evenement"],"_links":{"self":[{"href":"https:\/\/www.comitenervo.fr\/index.php?rest_route=\/wp\/v2\/posts\/1332","targetHints":{"allow":["GET"]}}],"collection":[{"href":"https:\/\/www.comitenervo.fr\/index.php?rest_route=\/wp\/v2\/posts"}],"about":[{"href":"https:\/\/www.comitenervo.fr\/index.php?rest_route=\/wp\/v2\/types\/post"}],"author":[{"embeddable":true,"href":"https:\/\/www.comitenervo.fr\/index.php?rest_route=\/wp\/v2\/users\/2"}],"replies":[{"embeddable":true,"href":"https:\/\/www.comitenervo.fr\/index.php?rest_route=%2Fwp%2Fv2%2Fcomments&post=1332"}],"version-history":[{"count":5,"href":"https:\/\/www.comitenervo.fr\/index.php?rest_route=\/wp\/v2\/posts\/1332\/revisions"}],"predecessor-version":[{"id":1379,"href":"https:\/\/www.comitenervo.fr\/index.php?rest_route=\/wp\/v2\/posts\/1332\/revisions\/1379"}],"wp:attachment":[{"href":"https:\/\/www.comitenervo.fr\/index.php?rest_route=%2Fwp%2Fv2%2Fmedia&parent=1332"}],"wp:term":[{"taxonomy":"category","embeddable":true,"href":"https:\/\/www.comitenervo.fr\/index.php?rest_route=%2Fwp%2Fv2%2Fcategories&post=1332"},{"taxonomy":"post_tag","embeddable":true,"href":"https:\/\/www.comitenervo.fr\/index.php?rest_route=%2Fwp%2Fv2%2Ftags&post=1332"}],"curies":[{"name":"wp","href":"https:\/\/api.w.org\/{rel}","templated":true}]}}