{"id":1199,"date":"2013-02-08T10:01:25","date_gmt":"2013-02-08T09:01:25","guid":{"rendered":"https:\/\/www.comitenervo.fr\/?p=1199"},"modified":"2013-06-27T10:14:27","modified_gmt":"2013-06-27T08:14:27","slug":"du-monde-a-lassemblee-generale","status":"publish","type":"post","link":"https:\/\/www.comitenervo.fr\/?p=1199","title":{"rendered":"DU MONDE A L&rsquo;ASSEMBLEE  GENERALE."},"content":{"rendered":"<p>Plus de 70 personnes\u00a0 \u00e0 notre assembl\u00e9e g\u00e9n\u00e9rale qui s&rsquo;est d\u00e9roul\u00e9e,\u00a0 ce samedi 2 f\u00e9vrier 2013\u00a0 \u00e0\u00a0 la salle D\u00e9ruelle,\u00a0 en pr\u00e9sence de nombreux repr\u00e9sentants du conseil municipal.<\/p>\n<p>Les rapports d&rsquo;activit\u00e9s et financier ont \u00e9t\u00e9 adopt\u00e9s apr\u00e8s des explications du pr\u00e9sident et du tr\u00e9sorier.<\/p>\n<p>La suppression de la subvention CAF pour les excursions a entra\u00een\u00e9 des r\u00e9actions vives parmi l&rsquo;assembl\u00e9e et \u00e9galement des explications politiques de la part de Mr W\u00e9ry et\u00a0 Mr Cauliez, adjoints.<\/p>\n<p>Le pr\u00e9sident a appr\u00e9ci\u00e9 la pr\u00e9sence des plus anciens , notamment Jean Hazard (83 ans),\u00a0 mais a regrett\u00e9 l&rsquo;absence des parents des enfants pourtant choy\u00e9s lors du no\u00ebl des enfants.<\/p>\n<div id=\"attachment_1200\" style=\"width: 160px\" class=\"wp-caption alignleft\"><img loading=\"lazy\" decoding=\"async\" aria-describedby=\"caption-attachment-1200\" class=\"size-thumbnail wp-image-1200\" alt=\"Une  nombreuse assembl\u00e9e.\" src=\"https:\/\/www.comitenervo.fr\/wp-content\/uploads\/2013\/02\/P1000208-150x150.jpg\" width=\"150\" height=\"150\" \/><p id=\"caption-attachment-1200\" class=\"wp-caption-text\">Une nombreuse assembl\u00e9e.<\/p><\/div>\n<div id=\"attachment_1201\" style=\"width: 160px\" class=\"wp-caption alignright\"><img loading=\"lazy\" decoding=\"async\" aria-describedby=\"caption-attachment-1201\" class=\"size-thumbnail wp-image-1201\" alt=\"De nombreux repr\u00e9sentants de la municipalit\u00e9.\" src=\"https:\/\/www.comitenervo.fr\/wp-content\/uploads\/2013\/02\/P1000191-150x150.jpg\" width=\"150\" height=\"150\" \/><p id=\"caption-attachment-1201\" class=\"wp-caption-text\">Le pr\u00e9sident lors de son intervention.<\/p><\/div>\n","protected":false},"excerpt":{"rendered":"<p>Plus de 70 personnes\u00a0 \u00e0 notre assembl\u00e9e g\u00e9n\u00e9rale qui s&rsquo;est d\u00e9roul\u00e9e,\u00a0 ce samedi 2 f\u00e9vrier 2013\u00a0 \u00e0\u00a0 la salle D\u00e9ruelle,\u00a0 en pr\u00e9sence de nombreux repr\u00e9sentants du conseil municipal. Les rapports d&rsquo;activit\u00e9s et financier ont \u00e9t\u00e9 adopt\u00e9s apr\u00e8s des explications du &hellip; <a href=\"https:\/\/www.comitenervo.fr\/?p=1199\">Continuer la lecture <span class=\"meta-nav\">&rarr;<\/span><\/a><\/p>\n","protected":false},"author":2,"featured_media":0,"comment_status":"open","ping_status":"open","sticky":false,"template":"","format":"standard","meta":{"_monsterinsights_skip_tracking":false,"_monsterinsights_sitenote_active":false,"_monsterinsights_sitenote_note":"","_monsterinsights_sitenote_category":0,"ngg_post_thumbnail":0,"footnotes":""},"categories":[6],"tags":[],"class_list":["post-1199","post","type-post","status-publish","format-standard","hentry","category-vie-de-la-cite"],"_links":{"self":[{"href":"https:\/\/www.comitenervo.fr\/index.php?rest_route=\/wp\/v2\/posts\/1199","targetHints":{"allow":["GET"]}}],"collection":[{"href":"https:\/\/www.comitenervo.fr\/index.php?rest_route=\/wp\/v2\/posts"}],"about":[{"href":"https:\/\/www.comitenervo.fr\/index.php?rest_route=\/wp\/v2\/types\/post"}],"author":[{"embeddable":true,"href":"https:\/\/www.comitenervo.fr\/index.php?rest_route=\/wp\/v2\/users\/2"}],"replies":[{"embeddable":true,"href":"https:\/\/www.comitenervo.fr\/index.php?rest_route=%2Fwp%2Fv2%2Fcomments&post=1199"}],"version-history":[{"count":6,"href":"https:\/\/www.comitenervo.fr\/index.php?rest_route=\/wp\/v2\/posts\/1199\/revisions"}],"predecessor-version":[{"id":1360,"href":"https:\/\/www.comitenervo.fr\/index.php?rest_route=\/wp\/v2\/posts\/1199\/revisions\/1360"}],"wp:attachment":[{"href":"https:\/\/www.comitenervo.fr\/index.php?rest_route=%2Fwp%2Fv2%2Fmedia&parent=1199"}],"wp:term":[{"taxonomy":"category","embeddable":true,"href":"https:\/\/www.comitenervo.fr\/index.php?rest_route=%2Fwp%2Fv2%2Fcategories&post=1199"},{"taxonomy":"post_tag","embeddable":true,"href":"https:\/\/www.comitenervo.fr\/index.php?rest_route=%2Fwp%2Fv2%2Ftags&post=1199"}],"curies":[{"name":"wp","href":"https:\/\/api.w.org\/{rel}","templated":true}]}}