{"id":1179,"date":"2013-01-23T12:05:13","date_gmt":"2013-01-23T11:05:13","guid":{"rendered":"https:\/\/www.comitenervo.fr\/?p=1179"},"modified":"2013-06-27T10:14:18","modified_gmt":"2013-06-27T08:14:18","slug":"repas-du-comite","status":"publish","type":"post","link":"https:\/\/www.comitenervo.fr\/?p=1179","title":{"rendered":"REPAS  DU COMITE."},"content":{"rendered":"<p>Le traditionnel repas du comit\u00e9 Nervo aura lieu le samedi 2 mars \u00e0 la salle Salengro au Quart de Six Heures \u00e0 Escaudain.<\/p>\n<p>Cette ann\u00e9e, au menu couscous !!!!!!!!<\/p>\n<p>C&rsquo;est Ludovic, membre du comit\u00e9 et DJ (toutes les qualit\u00e9s) qui animera la soir\u00e9e.<\/p>\n<p>Les personnes int\u00e9ress\u00e9es peuvent d\u00e8s maintenant s&rsquo;inscrire au 23 ou 24 all\u00e9e Nervo \u00e0 Escaudain.<\/p>\n<div id=\"attachment_1189\" style=\"width: 310px\" class=\"wp-caption alignright\"><a href=\"https:\/\/www.comitenervo.fr\/wp-content\/uploads\/2013\/01\/IMG_1461.jpg\"><img loading=\"lazy\" decoding=\"async\" aria-describedby=\"caption-attachment-1189\" class=\"size-medium wp-image-1189 \" alt=\"Repas 2012\" src=\"https:\/\/www.comitenervo.fr\/wp-content\/uploads\/2013\/01\/IMG_1461-300x225.jpg\" width=\"300\" height=\"225\" srcset=\"https:\/\/www.comitenervo.fr\/wp-content\/uploads\/2013\/01\/IMG_1461-300x225.jpg 300w, https:\/\/www.comitenervo.fr\/wp-content\/uploads\/2013\/01\/IMG_1461-1024x768.jpg 1024w, https:\/\/www.comitenervo.fr\/wp-content\/uploads\/2013\/01\/IMG_1461-150x112.jpg 150w, https:\/\/www.comitenervo.fr\/wp-content\/uploads\/2013\/01\/IMG_1461-400x300.jpg 400w\" sizes=\"auto, (max-width: 300px) 100vw, 300px\" \/><\/a><p id=\"caption-attachment-1189\" class=\"wp-caption-text\">Repas 2012<\/p><\/div>\n<div id=\"attachment_1188\" style=\"width: 228px\" class=\"wp-caption alignnone\"><a href=\"https:\/\/www.comitenervo.fr\/wp-content\/uploads\/2013\/01\/ag2013-001.jpg\"><img loading=\"lazy\" decoding=\"async\" aria-describedby=\"caption-attachment-1188\" class=\"size-medium wp-image-1188 \" alt=\"Fiche d'inscription.\" src=\"https:\/\/www.comitenervo.fr\/wp-content\/uploads\/2013\/01\/ag2013-001-218x300.jpg\" width=\"218\" height=\"300\" srcset=\"https:\/\/www.comitenervo.fr\/wp-content\/uploads\/2013\/01\/ag2013-001-218x300.jpg 218w, https:\/\/www.comitenervo.fr\/wp-content\/uploads\/2013\/01\/ag2013-001-109x150.jpg 109w, https:\/\/www.comitenervo.fr\/wp-content\/uploads\/2013\/01\/ag2013-001-400x548.jpg 400w, https:\/\/www.comitenervo.fr\/wp-content\/uploads\/2013\/01\/ag2013-001.jpg 560w\" sizes=\"auto, (max-width: 218px) 100vw, 218px\" \/><\/a><p id=\"caption-attachment-1188\" class=\"wp-caption-text\">Fiche d&rsquo;inscription.<\/p><\/div>\n<p>&nbsp;<\/p>\n","protected":false},"excerpt":{"rendered":"<p>Le traditionnel repas du comit\u00e9 Nervo aura lieu le samedi 2 mars \u00e0 la salle Salengro au Quart de Six Heures \u00e0 Escaudain. Cette ann\u00e9e, au menu couscous !!!!!!!! C&rsquo;est Ludovic, membre du comit\u00e9 et DJ (toutes les qualit\u00e9s) qui &hellip; <a href=\"https:\/\/www.comitenervo.fr\/?p=1179\">Continuer la lecture <span class=\"meta-nav\">&rarr;<\/span><\/a><\/p>\n","protected":false},"author":2,"featured_media":0,"comment_status":"open","ping_status":"open","sticky":false,"template":"","format":"standard","meta":{"_monsterinsights_skip_tracking":false,"_monsterinsights_sitenote_active":false,"_monsterinsights_sitenote_note":"","_monsterinsights_sitenote_category":0,"ngg_post_thumbnail":0,"footnotes":""},"categories":[9,6],"tags":[],"class_list":["post-1179","post","type-post","status-publish","format-standard","hentry","category-evenement","category-vie-de-la-cite"],"_links":{"self":[{"href":"https:\/\/www.comitenervo.fr\/index.php?rest_route=\/wp\/v2\/posts\/1179","targetHints":{"allow":["GET"]}}],"collection":[{"href":"https:\/\/www.comitenervo.fr\/index.php?rest_route=\/wp\/v2\/posts"}],"about":[{"href":"https:\/\/www.comitenervo.fr\/index.php?rest_route=\/wp\/v2\/types\/post"}],"author":[{"embeddable":true,"href":"https:\/\/www.comitenervo.fr\/index.php?rest_route=\/wp\/v2\/users\/2"}],"replies":[{"embeddable":true,"href":"https:\/\/www.comitenervo.fr\/index.php?rest_route=%2Fwp%2Fv2%2Fcomments&post=1179"}],"version-history":[{"count":7,"href":"https:\/\/www.comitenervo.fr\/index.php?rest_route=\/wp\/v2\/posts\/1179\/revisions"}],"predecessor-version":[{"id":1359,"href":"https:\/\/www.comitenervo.fr\/index.php?rest_route=\/wp\/v2\/posts\/1179\/revisions\/1359"}],"wp:attachment":[{"href":"https:\/\/www.comitenervo.fr\/index.php?rest_route=%2Fwp%2Fv2%2Fmedia&parent=1179"}],"wp:term":[{"taxonomy":"category","embeddable":true,"href":"https:\/\/www.comitenervo.fr\/index.php?rest_route=%2Fwp%2Fv2%2Fcategories&post=1179"},{"taxonomy":"post_tag","embeddable":true,"href":"https:\/\/www.comitenervo.fr\/index.php?rest_route=%2Fwp%2Fv2%2Ftags&post=1179"}],"curies":[{"name":"wp","href":"https:\/\/api.w.org\/{rel}","templated":true}]}}