{"id":1173,"date":"2013-01-23T10:42:03","date_gmt":"2013-01-23T09:42:03","guid":{"rendered":"https:\/\/www.comitenervo.fr\/?p=1173"},"modified":"2013-01-23T12:22:06","modified_gmt":"2013-01-23T11:22:06","slug":"assemblee-generale-2013","status":"publish","type":"post","link":"https:\/\/www.comitenervo.fr\/?p=1173","title":{"rendered":"ASSEMBLEE  GENERALE 2013."},"content":{"rendered":"<p>L&rsquo;assembl\u00e9e g\u00e9n\u00e9rale du comit\u00e9 des f\u00eates de la cit\u00e9 Nervo aura lieu le samedi 2 f\u00e9vrier 2013, en la salle D\u00e9ruelle au Quart de Six Heures, \u00e0 partir de 15h00.<\/p>\n<p>A l&rsquo;ordre du jour : rapport moral,\u00a0rapport d&rsquo;activit\u00e9s, rapport financier, questions diverses, \u00e9lection du comit\u00e9.<\/p>\n<p>La pr\u00e9sence des habitants du quartier est souhait\u00e9e,\u00a0afin de r\u00e9pondre le plus possible aux attentes des habitants.<\/p>\n<p>&nbsp;<\/p>\n<div id=\"attachment_1175\" style=\"width: 310px\" class=\"wp-caption aligncenter\"><a href=\"https:\/\/www.comitenervo.fr\/wp-content\/uploads\/2013\/01\/IMG_1399.jpg\"><img loading=\"lazy\" decoding=\"async\" aria-describedby=\"caption-attachment-1175\" class=\"size-medium wp-image-1175 \" alt=\"L'assembl\u00e9e g\u00e9n\u00e9rale en 2012.\" src=\"https:\/\/www.comitenervo.fr\/wp-content\/uploads\/2013\/01\/IMG_1399-300x225.jpg\" width=\"300\" height=\"225\" srcset=\"https:\/\/www.comitenervo.fr\/wp-content\/uploads\/2013\/01\/IMG_1399-300x225.jpg 300w, https:\/\/www.comitenervo.fr\/wp-content\/uploads\/2013\/01\/IMG_1399-1024x768.jpg 1024w, https:\/\/www.comitenervo.fr\/wp-content\/uploads\/2013\/01\/IMG_1399-150x112.jpg 150w, https:\/\/www.comitenervo.fr\/wp-content\/uploads\/2013\/01\/IMG_1399-400x300.jpg 400w\" sizes=\"auto, (max-width: 300px) 100vw, 300px\" \/><\/a><p id=\"caption-attachment-1175\" class=\"wp-caption-text\">L&rsquo;assembl\u00e9e g\u00e9n\u00e9rale en 2012.<\/p><\/div>\n","protected":false},"excerpt":{"rendered":"<p>L&rsquo;assembl\u00e9e g\u00e9n\u00e9rale du comit\u00e9 des f\u00eates de la cit\u00e9 Nervo aura lieu le samedi 2 f\u00e9vrier 2013, en la salle D\u00e9ruelle au Quart de Six Heures, \u00e0 partir de 15h00. A l&rsquo;ordre du jour : rapport moral,\u00a0rapport d&rsquo;activit\u00e9s, rapport financier, &hellip; <a href=\"https:\/\/www.comitenervo.fr\/?p=1173\">Continuer la lecture <span class=\"meta-nav\">&rarr;<\/span><\/a><\/p>\n","protected":false},"author":2,"featured_media":0,"comment_status":"open","ping_status":"open","sticky":false,"template":"","format":"standard","meta":{"_monsterinsights_skip_tracking":false,"_monsterinsights_sitenote_active":false,"_monsterinsights_sitenote_note":"","_monsterinsights_sitenote_category":0,"ngg_post_thumbnail":0,"footnotes":""},"categories":[3,6],"tags":[],"class_list":["post-1173","post","type-post","status-publish","format-standard","hentry","category-nouveaute","category-vie-de-la-cite"],"_links":{"self":[{"href":"https:\/\/www.comitenervo.fr\/index.php?rest_route=\/wp\/v2\/posts\/1173","targetHints":{"allow":["GET"]}}],"collection":[{"href":"https:\/\/www.comitenervo.fr\/index.php?rest_route=\/wp\/v2\/posts"}],"about":[{"href":"https:\/\/www.comitenervo.fr\/index.php?rest_route=\/wp\/v2\/types\/post"}],"author":[{"embeddable":true,"href":"https:\/\/www.comitenervo.fr\/index.php?rest_route=\/wp\/v2\/users\/2"}],"replies":[{"embeddable":true,"href":"https:\/\/www.comitenervo.fr\/index.php?rest_route=%2Fwp%2Fv2%2Fcomments&post=1173"}],"version-history":[{"count":6,"href":"https:\/\/www.comitenervo.fr\/index.php?rest_route=\/wp\/v2\/posts\/1173\/revisions"}],"predecessor-version":[{"id":1197,"href":"https:\/\/www.comitenervo.fr\/index.php?rest_route=\/wp\/v2\/posts\/1173\/revisions\/1197"}],"wp:attachment":[{"href":"https:\/\/www.comitenervo.fr\/index.php?rest_route=%2Fwp%2Fv2%2Fmedia&parent=1173"}],"wp:term":[{"taxonomy":"category","embeddable":true,"href":"https:\/\/www.comitenervo.fr\/index.php?rest_route=%2Fwp%2Fv2%2Fcategories&post=1173"},{"taxonomy":"post_tag","embeddable":true,"href":"https:\/\/www.comitenervo.fr\/index.php?rest_route=%2Fwp%2Fv2%2Ftags&post=1173"}],"curies":[{"name":"wp","href":"https:\/\/api.w.org\/{rel}","templated":true}]}}