{"id":1141,"date":"2013-01-13T21:21:15","date_gmt":"2013-01-13T20:21:15","guid":{"rendered":"https:\/\/www.comitenervo.fr\/?p=1141"},"modified":"2013-06-27T10:16:20","modified_gmt":"2013-06-27T08:16:20","slug":"reunion-au-fph","status":"publish","type":"post","link":"https:\/\/www.comitenervo.fr\/?p=1141","title":{"rendered":"REUNION  AU  FPH."},"content":{"rendered":"<p>Comme chaque deuxi\u00e8me jeudi du mois, le comit\u00e9 du\u00a0FPH se r\u00e9unit afin d&rsquo;octroyer ou non des subventions \u00a0 aux associations qui organisent des animations, voyages, pour\u00a0les divers quartiers de la ville.<\/p>\n<p>Apr\u00e8s pr\u00e9sentation du projet par le responsable d&rsquo;association, un vote des membres pr\u00e9sents accorde ou non la subvention.<\/p>\n<p>Le conseil g\u00e9n\u00e9ral pour les 2\/3 et la municipalit\u00e9 pour 1\/3\u00a0financent ces projets.<\/p>\n<p>En cette p\u00e9riode difficile, le FPH est un acteur incontournable pour de nombreuses associations.<\/p>\n<div id=\"attachment_1142\" style=\"width: 310px\" class=\"wp-caption aligncenter\"><a href=\"https:\/\/www.comitenervo.fr\/wp-content\/uploads\/2013\/01\/P1000173.jpg\"><img loading=\"lazy\" decoding=\"async\" aria-describedby=\"caption-attachment-1142\" class=\"size-medium wp-image-1142\" title=\"P1000173\" src=\"https:\/\/www.comitenervo.fr\/wp-content\/uploads\/2013\/01\/P1000173-300x225.jpg\" alt=\"\" width=\"300\" height=\"225\" srcset=\"https:\/\/www.comitenervo.fr\/wp-content\/uploads\/2013\/01\/P1000173-300x225.jpg 300w, https:\/\/www.comitenervo.fr\/wp-content\/uploads\/2013\/01\/P1000173-1024x768.jpg 1024w, https:\/\/www.comitenervo.fr\/wp-content\/uploads\/2013\/01\/P1000173-150x112.jpg 150w, https:\/\/www.comitenervo.fr\/wp-content\/uploads\/2013\/01\/P1000173-400x300.jpg 400w\" sizes=\"auto, (max-width: 300px) 100vw, 300px\" \/><\/a><p id=\"caption-attachment-1142\" class=\"wp-caption-text\">R\u00e9union du jeudi 10 janvier 2013.<\/p><\/div>\n<p>&nbsp;<\/p>\n","protected":false},"excerpt":{"rendered":"<p>Comme chaque deuxi\u00e8me jeudi du mois, le comit\u00e9 du\u00a0FPH se r\u00e9unit afin d&rsquo;octroyer ou non des subventions \u00a0 aux associations qui organisent des animations, voyages, pour\u00a0les divers quartiers de la ville. Apr\u00e8s pr\u00e9sentation du projet par le responsable d&rsquo;association, un &hellip; <a href=\"https:\/\/www.comitenervo.fr\/?p=1141\">Continuer la lecture <span class=\"meta-nav\">&rarr;<\/span><\/a><\/p>\n","protected":false},"author":2,"featured_media":0,"comment_status":"open","ping_status":"open","sticky":false,"template":"","format":"standard","meta":{"_monsterinsights_skip_tracking":false,"_monsterinsights_sitenote_active":false,"_monsterinsights_sitenote_note":"","_monsterinsights_sitenote_category":0,"ngg_post_thumbnail":0,"footnotes":""},"categories":[6],"tags":[],"class_list":["post-1141","post","type-post","status-publish","format-standard","hentry","category-vie-de-la-cite"],"_links":{"self":[{"href":"https:\/\/www.comitenervo.fr\/index.php?rest_route=\/wp\/v2\/posts\/1141","targetHints":{"allow":["GET"]}}],"collection":[{"href":"https:\/\/www.comitenervo.fr\/index.php?rest_route=\/wp\/v2\/posts"}],"about":[{"href":"https:\/\/www.comitenervo.fr\/index.php?rest_route=\/wp\/v2\/types\/post"}],"author":[{"embeddable":true,"href":"https:\/\/www.comitenervo.fr\/index.php?rest_route=\/wp\/v2\/users\/2"}],"replies":[{"embeddable":true,"href":"https:\/\/www.comitenervo.fr\/index.php?rest_route=%2Fwp%2Fv2%2Fcomments&post=1141"}],"version-history":[{"count":7,"href":"https:\/\/www.comitenervo.fr\/index.php?rest_route=\/wp\/v2\/posts\/1141\/revisions"}],"predecessor-version":[{"id":1371,"href":"https:\/\/www.comitenervo.fr\/index.php?rest_route=\/wp\/v2\/posts\/1141\/revisions\/1371"}],"wp:attachment":[{"href":"https:\/\/www.comitenervo.fr\/index.php?rest_route=%2Fwp%2Fv2%2Fmedia&parent=1141"}],"wp:term":[{"taxonomy":"category","embeddable":true,"href":"https:\/\/www.comitenervo.fr\/index.php?rest_route=%2Fwp%2Fv2%2Fcategories&post=1141"},{"taxonomy":"post_tag","embeddable":true,"href":"https:\/\/www.comitenervo.fr\/index.php?rest_route=%2Fwp%2Fv2%2Ftags&post=1141"}],"curies":[{"name":"wp","href":"https:\/\/api.w.org\/{rel}","templated":true}]}}