{"id":1128,"date":"2013-01-01T21:03:51","date_gmt":"2013-01-01T20:03:51","guid":{"rendered":"https:\/\/www.comitenervo.fr\/?p=1128"},"modified":"2013-06-27T10:16:31","modified_gmt":"2013-06-27T08:16:31","slug":"meilleurs-voeux-a-tous","status":"publish","type":"post","link":"https:\/\/www.comitenervo.fr\/?p=1128","title":{"rendered":"MEILLEURS  VOEUX  A  TOUS."},"content":{"rendered":"<p>En ce d\u00e9but d&rsquo;ann\u00e9e nouvelle,\u00a0 le comit\u00e9 vous pr\u00e9sente ses meilleurs v\u0153ux de bonheur et de bonne sant\u00e9.<\/p>\n<p>Ces v\u0153ux sont \u00e9galement destin\u00e9s \u00e0 ceux qui\u00a0 suivent\u00a0 la vie du quartier,\u00a0 \u00e0 partir de notre site,\u00a0 et qui sont tr\u00e8s loin de chez nous comme Mireille au Canada.<\/p>\n<p>Le comit\u00e9 fera le maximum\u00a0 pour qu&rsquo;en 2013 , les manifestations et excursions\u00a0 soient \u00e0 la hauteur de l&rsquo;attente des habitants du quartier.<\/p>\n<p>&nbsp;<\/p>\n<p>&nbsp;<\/p>\n<div id=\"attachment_1129\" style=\"width: 310px\" class=\"wp-caption aligncenter\"><a href=\"https:\/\/www.comitenervo.fr\/wp-content\/uploads\/2013\/01\/P1000162.jpg\"><img loading=\"lazy\" decoding=\"async\" aria-describedby=\"caption-attachment-1129\" class=\"size-medium wp-image-1129\" title=\"P1000162\" alt=\"\" src=\"https:\/\/www.comitenervo.fr\/wp-content\/uploads\/2013\/01\/P1000162-300x225.jpg\" width=\"300\" height=\"225\" srcset=\"https:\/\/www.comitenervo.fr\/wp-content\/uploads\/2013\/01\/P1000162-300x225.jpg 300w, https:\/\/www.comitenervo.fr\/wp-content\/uploads\/2013\/01\/P1000162-150x112.jpg 150w, https:\/\/www.comitenervo.fr\/wp-content\/uploads\/2013\/01\/P1000162-400x300.jpg 400w, https:\/\/www.comitenervo.fr\/wp-content\/uploads\/2013\/01\/P1000162.jpg 640w\" sizes=\"auto, (max-width: 300px) 100vw, 300px\" \/><\/a><p id=\"caption-attachment-1129\" class=\"wp-caption-text\">La guirlande r\u00e9alis\u00e9e par Marc Fassin install\u00e9e \u00e0 l&rsquo;entr\u00e9e de la cit\u00e9.<\/p><\/div>\n<p>&nbsp;<\/p>\n","protected":false},"excerpt":{"rendered":"<p>En ce d\u00e9but d&rsquo;ann\u00e9e nouvelle,\u00a0 le comit\u00e9 vous pr\u00e9sente ses meilleurs v\u0153ux de bonheur et de bonne sant\u00e9. Ces v\u0153ux sont \u00e9galement destin\u00e9s \u00e0 ceux qui\u00a0 suivent\u00a0 la vie du quartier,\u00a0 \u00e0 partir de notre site,\u00a0 et qui sont tr\u00e8s &hellip; <a href=\"https:\/\/www.comitenervo.fr\/?p=1128\">Continuer la lecture <span class=\"meta-nav\">&rarr;<\/span><\/a><\/p>\n","protected":false},"author":2,"featured_media":0,"comment_status":"open","ping_status":"open","sticky":false,"template":"","format":"standard","meta":{"_monsterinsights_skip_tracking":false,"_monsterinsights_sitenote_active":false,"_monsterinsights_sitenote_note":"","_monsterinsights_sitenote_category":0,"ngg_post_thumbnail":0,"footnotes":""},"categories":[9],"tags":[],"class_list":["post-1128","post","type-post","status-publish","format-standard","hentry","category-evenement"],"_links":{"self":[{"href":"https:\/\/www.comitenervo.fr\/index.php?rest_route=\/wp\/v2\/posts\/1128","targetHints":{"allow":["GET"]}}],"collection":[{"href":"https:\/\/www.comitenervo.fr\/index.php?rest_route=\/wp\/v2\/posts"}],"about":[{"href":"https:\/\/www.comitenervo.fr\/index.php?rest_route=\/wp\/v2\/types\/post"}],"author":[{"embeddable":true,"href":"https:\/\/www.comitenervo.fr\/index.php?rest_route=\/wp\/v2\/users\/2"}],"replies":[{"embeddable":true,"href":"https:\/\/www.comitenervo.fr\/index.php?rest_route=%2Fwp%2Fv2%2Fcomments&post=1128"}],"version-history":[{"count":5,"href":"https:\/\/www.comitenervo.fr\/index.php?rest_route=\/wp\/v2\/posts\/1128\/revisions"}],"predecessor-version":[{"id":1372,"href":"https:\/\/www.comitenervo.fr\/index.php?rest_route=\/wp\/v2\/posts\/1128\/revisions\/1372"}],"wp:attachment":[{"href":"https:\/\/www.comitenervo.fr\/index.php?rest_route=%2Fwp%2Fv2%2Fmedia&parent=1128"}],"wp:term":[{"taxonomy":"category","embeddable":true,"href":"https:\/\/www.comitenervo.fr\/index.php?rest_route=%2Fwp%2Fv2%2Fcategories&post=1128"},{"taxonomy":"post_tag","embeddable":true,"href":"https:\/\/www.comitenervo.fr\/index.php?rest_route=%2Fwp%2Fv2%2Ftags&post=1128"}],"curies":[{"name":"wp","href":"https:\/\/api.w.org\/{rel}","templated":true}]}}