{"id":1097,"date":"2012-12-23T12:02:56","date_gmt":"2012-12-23T11:02:56","guid":{"rendered":"https:\/\/www.comitenervo.fr\/?p=1097"},"modified":"2013-01-16T17:59:28","modified_gmt":"2013-01-16T16:59:28","slug":"zeus-est-contre-nous","status":"publish","type":"post","link":"https:\/\/www.comitenervo.fr\/?p=1097","title":{"rendered":"ZEUS EST CONTRE NOUS !!!!!!!!!!"},"content":{"rendered":"<p>Apr\u00e8s la brocante, c&rsquo;est le no\u00ebl des enfants qui a subi les foudres pluvieuses du dieu grec !!!!!!!<\/p>\n<p>Pas de chance, on a souvent entendu ces mots , ce samedi 22 d\u00e9cembre \u00e0 l&rsquo;occasion de la distribution des colis aux enfants du quartier Nervo.<\/p>\n<p>Consolation quand m\u00eame: les enfants et parents ont r\u00e9pondu pr\u00e9sents, et il n&rsquo;est rest\u00e9 que 2 colis\u00a0 sur\u00a0 les 71\u00a0 \u00e0\u00a0 Joselyne et\u00a0 Christianne ,\u00a0 charg\u00e9es\u00a0 par le\u00a0 comit\u00e9\u00a0 de g\u00e9rer les 1400\u20ac de cette op\u00e9ration.<\/p>\n<div id=\"attachment_1099\" style=\"width: 235px\" class=\"wp-caption alignleft\"><a href=\"https:\/\/www.comitenervo.fr\/wp-content\/uploads\/2012\/12\/P1000136.jpg\"><img loading=\"lazy\" decoding=\"async\" aria-describedby=\"caption-attachment-1099\" class=\"size-medium wp-image-1099\" title=\"P1000136\" alt=\"\" src=\"https:\/\/www.comitenervo.fr\/wp-content\/uploads\/2012\/12\/P1000136-225x300.jpg\" width=\"225\" height=\"300\" srcset=\"https:\/\/www.comitenervo.fr\/wp-content\/uploads\/2012\/12\/P1000136-225x300.jpg 225w, https:\/\/www.comitenervo.fr\/wp-content\/uploads\/2012\/12\/P1000136-112x150.jpg 112w, https:\/\/www.comitenervo.fr\/wp-content\/uploads\/2012\/12\/P1000136-400x533.jpg 400w, https:\/\/www.comitenervo.fr\/wp-content\/uploads\/2012\/12\/P1000136.jpg 480w\" sizes=\"auto, (max-width: 225px) 100vw, 225px\" \/><\/a><p id=\"caption-attachment-1099\" class=\"wp-caption-text\">Parents et enfants<\/p><\/div>\n<div id=\"attachment_1101\" style=\"width: 310px\" class=\"wp-caption alignright\"><a href=\"https:\/\/www.comitenervo.fr\/wp-content\/uploads\/2012\/12\/P10001172.jpg\"><img loading=\"lazy\" decoding=\"async\" aria-describedby=\"caption-attachment-1101\" class=\"size-medium wp-image-1101\" title=\"P1000117\" alt=\"\" src=\"https:\/\/www.comitenervo.fr\/wp-content\/uploads\/2012\/12\/P10001172-300x225.jpg\" width=\"300\" height=\"225\" srcset=\"https:\/\/www.comitenervo.fr\/wp-content\/uploads\/2012\/12\/P10001172-300x225.jpg 300w, https:\/\/www.comitenervo.fr\/wp-content\/uploads\/2012\/12\/P10001172-150x112.jpg 150w, https:\/\/www.comitenervo.fr\/wp-content\/uploads\/2012\/12\/P10001172-400x300.jpg 400w, https:\/\/www.comitenervo.fr\/wp-content\/uploads\/2012\/12\/P10001172.jpg 640w\" sizes=\"auto, (max-width: 300px) 100vw, 300px\" \/><\/a><p id=\"caption-attachment-1101\" class=\"wp-caption-text\">Le p\u00e8re no\u00ebl G\u00e9rard sous les chapiteaux.<\/p><\/div>\n","protected":false},"excerpt":{"rendered":"<p>Apr\u00e8s la brocante, c&rsquo;est le no\u00ebl des enfants qui a subi les foudres pluvieuses du dieu grec !!!!!!! Pas de chance, on a souvent entendu ces mots , ce samedi 22 d\u00e9cembre \u00e0 l&rsquo;occasion de la distribution des colis aux &hellip; <a href=\"https:\/\/www.comitenervo.fr\/?p=1097\">Continuer la lecture <span class=\"meta-nav\">&rarr;<\/span><\/a><\/p>\n","protected":false},"author":2,"featured_media":0,"comment_status":"open","ping_status":"open","sticky":false,"template":"","format":"standard","meta":{"_monsterinsights_skip_tracking":false,"_monsterinsights_sitenote_active":false,"_monsterinsights_sitenote_note":"","_monsterinsights_sitenote_category":0,"ngg_post_thumbnail":0,"footnotes":""},"categories":[3],"tags":[],"class_list":["post-1097","post","type-post","status-publish","format-standard","hentry","category-nouveaute"],"_links":{"self":[{"href":"https:\/\/www.comitenervo.fr\/index.php?rest_route=\/wp\/v2\/posts\/1097","targetHints":{"allow":["GET"]}}],"collection":[{"href":"https:\/\/www.comitenervo.fr\/index.php?rest_route=\/wp\/v2\/posts"}],"about":[{"href":"https:\/\/www.comitenervo.fr\/index.php?rest_route=\/wp\/v2\/types\/post"}],"author":[{"embeddable":true,"href":"https:\/\/www.comitenervo.fr\/index.php?rest_route=\/wp\/v2\/users\/2"}],"replies":[{"embeddable":true,"href":"https:\/\/www.comitenervo.fr\/index.php?rest_route=%2Fwp%2Fv2%2Fcomments&post=1097"}],"version-history":[{"count":6,"href":"https:\/\/www.comitenervo.fr\/index.php?rest_route=\/wp\/v2\/posts\/1097\/revisions"}],"predecessor-version":[{"id":1168,"href":"https:\/\/www.comitenervo.fr\/index.php?rest_route=\/wp\/v2\/posts\/1097\/revisions\/1168"}],"wp:attachment":[{"href":"https:\/\/www.comitenervo.fr\/index.php?rest_route=%2Fwp%2Fv2%2Fmedia&parent=1097"}],"wp:term":[{"taxonomy":"category","embeddable":true,"href":"https:\/\/www.comitenervo.fr\/index.php?rest_route=%2Fwp%2Fv2%2Fcategories&post=1097"},{"taxonomy":"post_tag","embeddable":true,"href":"https:\/\/www.comitenervo.fr\/index.php?rest_route=%2Fwp%2Fv2%2Ftags&post=1097"}],"curies":[{"name":"wp","href":"https:\/\/api.w.org\/{rel}","templated":true}]}}