{"id":1056,"date":"2012-12-09T17:05:08","date_gmt":"2012-12-09T16:05:08","guid":{"rendered":"https:\/\/www.comitenervo.fr\/?p=1056"},"modified":"2013-01-16T18:00:40","modified_gmt":"2013-01-16T17:00:40","slug":"reception-des-aines-de-la-cite-nervo","status":"publish","type":"post","link":"https:\/\/www.comitenervo.fr\/?p=1056","title":{"rendered":"RECEPTION  DES A\u00ceNES  DE  LA CITE  NERVO."},"content":{"rendered":"<p>Ce mercredi 28 novembre 2012, les a\u00een\u00e9s du quartier ont \u00e9t\u00e9 accueillis \u00e0 la salle de la Jeunesse pour une apr\u00e8s-midi anim\u00e9e par Bernard Bourgeois .<\/p>\n<p>Encore une fois ce f\u00fbt une r\u00e9ussite, m\u00eame si le comit\u00e9 attendait plus de personnes de la cit\u00e9.<\/p>\n<p>L&rsquo;animateur de Bruay-la Buissi\u00e8re, a su mettre l&rsquo;ambiance et \u00ab\u00a0<em><strong> Marinette aimait bien les zozios<\/strong><\/em>\u00a0\u00bb est devenu le tube de la cite Nervo !!!!! (voir vid\u00e9o)<\/p>\n<div id=\"attachment_1058\" style=\"width: 310px\" class=\"wp-caption alignright\"><a href=\"https:\/\/www.comitenervo.fr\/wp-content\/uploads\/2012\/12\/DSC02356.jpg\"><img loading=\"lazy\" decoding=\"async\" aria-describedby=\"caption-attachment-1058\" class=\"size-medium wp-image-1058\" title=\"SONY DSC\" alt=\"\" src=\"https:\/\/www.comitenervo.fr\/wp-content\/uploads\/2012\/12\/DSC02356-300x199.jpg\" width=\"300\" height=\"199\" srcset=\"https:\/\/www.comitenervo.fr\/wp-content\/uploads\/2012\/12\/DSC02356-300x199.jpg 300w, https:\/\/www.comitenervo.fr\/wp-content\/uploads\/2012\/12\/DSC02356-1024x681.jpg 1024w, https:\/\/www.comitenervo.fr\/wp-content\/uploads\/2012\/12\/DSC02356-150x99.jpg 150w, https:\/\/www.comitenervo.fr\/wp-content\/uploads\/2012\/12\/DSC02356-400x266.jpg 400w, https:\/\/www.comitenervo.fr\/wp-content\/uploads\/2012\/12\/DSC02356.jpg 1100w\" sizes=\"auto, (max-width: 300px) 100vw, 300px\" \/><\/a><p id=\"caption-attachment-1058\" class=\"wp-caption-text\">Des participants.<\/p><\/div>\n<div id=\"attachment_1057\" style=\"width: 310px\" class=\"wp-caption alignleft\"><a href=\"https:\/\/www.comitenervo.fr\/wp-content\/uploads\/2012\/12\/DSC02320.jpg\"><img loading=\"lazy\" decoding=\"async\" aria-describedby=\"caption-attachment-1057\" class=\"size-medium wp-image-1057\" title=\"SONY DSC\" alt=\"\" src=\"https:\/\/www.comitenervo.fr\/wp-content\/uploads\/2012\/12\/DSC02320-300x199.jpg\" width=\"300\" height=\"199\" srcset=\"https:\/\/www.comitenervo.fr\/wp-content\/uploads\/2012\/12\/DSC02320-300x199.jpg 300w, https:\/\/www.comitenervo.fr\/wp-content\/uploads\/2012\/12\/DSC02320-1024x681.jpg 1024w, https:\/\/www.comitenervo.fr\/wp-content\/uploads\/2012\/12\/DSC02320-150x99.jpg 150w, https:\/\/www.comitenervo.fr\/wp-content\/uploads\/2012\/12\/DSC02320-400x266.jpg 400w, https:\/\/www.comitenervo.fr\/wp-content\/uploads\/2012\/12\/DSC02320.jpg 1100w\" sizes=\"auto, (max-width: 300px) 100vw, 300px\" \/><\/a><p id=\"caption-attachment-1057\" class=\"wp-caption-text\">Le g\u00e2teau offert aux a\u00een\u00e9s.<\/p><\/div>\n","protected":false},"excerpt":{"rendered":"<p>Ce mercredi 28 novembre 2012, les a\u00een\u00e9s du quartier ont \u00e9t\u00e9 accueillis \u00e0 la salle de la Jeunesse pour une apr\u00e8s-midi anim\u00e9e par Bernard Bourgeois . Encore une fois ce f\u00fbt une r\u00e9ussite, m\u00eame si le comit\u00e9 attendait plus de &hellip; <a href=\"https:\/\/www.comitenervo.fr\/?p=1056\">Continuer la lecture <span class=\"meta-nav\">&rarr;<\/span><\/a><\/p>\n","protected":false},"author":2,"featured_media":0,"comment_status":"open","ping_status":"open","sticky":false,"template":"","format":"standard","meta":{"_monsterinsights_skip_tracking":false,"_monsterinsights_sitenote_active":false,"_monsterinsights_sitenote_note":"","_monsterinsights_sitenote_category":0,"ngg_post_thumbnail":0,"footnotes":""},"categories":[7,3],"tags":[],"class_list":["post-1056","post","type-post","status-publish","format-standard","hentry","category-anciens-de-la-cite","category-nouveaute"],"_links":{"self":[{"href":"https:\/\/www.comitenervo.fr\/index.php?rest_route=\/wp\/v2\/posts\/1056","targetHints":{"allow":["GET"]}}],"collection":[{"href":"https:\/\/www.comitenervo.fr\/index.php?rest_route=\/wp\/v2\/posts"}],"about":[{"href":"https:\/\/www.comitenervo.fr\/index.php?rest_route=\/wp\/v2\/types\/post"}],"author":[{"embeddable":true,"href":"https:\/\/www.comitenervo.fr\/index.php?rest_route=\/wp\/v2\/users\/2"}],"replies":[{"embeddable":true,"href":"https:\/\/www.comitenervo.fr\/index.php?rest_route=%2Fwp%2Fv2%2Fcomments&post=1056"}],"version-history":[{"count":5,"href":"https:\/\/www.comitenervo.fr\/index.php?rest_route=\/wp\/v2\/posts\/1056\/revisions"}],"predecessor-version":[{"id":1171,"href":"https:\/\/www.comitenervo.fr\/index.php?rest_route=\/wp\/v2\/posts\/1056\/revisions\/1171"}],"wp:attachment":[{"href":"https:\/\/www.comitenervo.fr\/index.php?rest_route=%2Fwp%2Fv2%2Fmedia&parent=1056"}],"wp:term":[{"taxonomy":"category","embeddable":true,"href":"https:\/\/www.comitenervo.fr\/index.php?rest_route=%2Fwp%2Fv2%2Fcategories&post=1056"},{"taxonomy":"post_tag","embeddable":true,"href":"https:\/\/www.comitenervo.fr\/index.php?rest_route=%2Fwp%2Fv2%2Ftags&post=1056"}],"curies":[{"name":"wp","href":"https:\/\/api.w.org\/{rel}","templated":true}]}}